{"id":1057,"date":"2018-05-30T00:00:07","date_gmt":"2018-05-29T22:00:07","guid":{"rendered":"https:\/\/www.fass-berlin.de\/startseite\/?p=1057"},"modified":"2018-06-03T20:19:44","modified_gmt":"2018-06-03T18:19:44","slug":"verteidigung-bei-fass-nimmt-gestalt-an-rueckkehrer-joe-timm","status":"publish","type":"post","link":"https:\/\/www.fass-berlin.de\/startseite\/2018\/05\/30\/verteidigung-bei-fass-nimmt-gestalt-an-rueckkehrer-joe-timm\/","title":{"rendered":"Verteidigung bei FASS nimmt Gestalt an &#8211; R\u00fcckkehrer Joe Timm"},"content":{"rendered":"<p>Nach Routinier Nils Watzke haben drei weitere Verteidiger f\u00fcr die Saison 2018\/19 zugesagt. Christian Steinbach und Jan Niklas Weihrauch bleiben FASS Berlin treu, Joe Timm kehrt nach einem Jahr in den Kader der Nordberliner zur\u00fcck.<\/p>\n<p>Timm (21) war w\u00e4hrend der Saison 2016\/17 vom Timmendorfer Strand in seine Heimatstadt gekommen und stand im FASS-Oberligakader stets in der ersten oder zweiten Verteidigung. Nach dem Abstieg wechselte er zum Stadtrivalen nach Charlottenburg, wo er nur einige Wochen blieb. Insgesamt stehen f\u00fcr Timm 52 Oberliga-Spiele und 69 Eins\u00e4tze in der DNL (Eisb\u00e4ren Juniors, Hamburg Young Freezers) zu Buche. Sportdirektor Oliver Miethke: \u201eWir wollten Joe schon w\u00e4hrend der letzten Saison zur\u00fcckholen, konnten uns aber damals nicht einigen. Umso zufriedener sind wir, dass es jetzt geklappt hat.\u201c<\/p>\n<p>Steinbach (26) geht in seine vierte Saison bei FASS. Der robuste Defender trug zuletzt das \u201eA\u201c auf der Brust und kommt bislang in Oberliga und Regionalliga auf 97 Spiele (9 Tore, 25 Assists). In der vergangenen Runde erreichte er den drittbesten +\/- Wert (+18), was seine Bedeutung f\u00fcr die Mannschaft unterstreicht.<\/p>\n<p>In seine zweite Spielzeit f\u00fcr FASS geht Weihrauch (20). Der Zwei-Wege-Spieler wurde nicht nur in der Verteidigung, sondern wiederholt auch als Center eingesetzt und zeigte sich insbesondere am Bullypunkt sehr abgezockt (67,6% Erfolgsquote).<\/p>\n<p>Alexander Hedderich<br \/>\nFoto: Alexandra Bohn<\/p>\n","protected":false},"excerpt":{"rendered":"<p>Nach Routinier Nils Watzke haben drei weitere Verteidiger f\u00fcr die Saison 2018\/19 zugesagt. Christian Steinbach und Jan Niklas Weihrauch bleiben FASS Berlin treu, Joe Timm kehrt nach einem Jahr in den Kader der Nordberliner zur\u00fcck. Timm (21) war w\u00e4hrend der Saison 2016\/17 vom Timmendorfer Strand in seine Heimatstadt gekommen und stand im FASS-Oberligakader stets in [&hellip;]<\/p>\n","protected":false},"author":2,"featured_media":1058,"comment_status":"open","ping_status":"open","sticky":false,"template":"","format":"standard","meta":{"_exactmetrics_skip_tracking":false,"_exactmetrics_sitenote_active":false,"_exactmetrics_sitenote_note":"","_exactmetrics_sitenote_category":0,"jetpack_post_was_ever_published":false,"_jetpack_newsletter_access":"","_jetpack_dont_email_post_to_subs":false,"_jetpack_newsletter_tier_id":0,"_jetpack_memberships_contains_paywalled_content":false,"_jetpack_memberships_contains_paid_content":false,"footnotes":"","jetpack_publicize_message":"","jetpack_publicize_feature_enabled":true,"jetpack_social_post_already_shared":false,"jetpack_social_options":{"image_generator_settings":{"template":"highway","default_image_id":0,"font":"","enabled":false},"version":2}},"categories":[50],"tags":[87,113,250,100,218,85],"class_list":["post-1057","post","type-post","status-publish","format-standard","has-post-thumbnail","hentry","category-regionalliga-ost","tag-ecc","tag-hsv","tag-timm","tag-timmendorf","tag-verstaerkung","tag-verteidiger"],"jetpack_publicize_connections":[],"jetpack_featured_media_url":"https:\/\/www.fass-berlin.de\/wp-content\/uploads\/2018\/06\/Derby_23.02.2018.jpg","jetpack_sharing_enabled":true,"jetpack_shortlink":"https:\/\/wp.me\/paiOCx-h3","jetpack_likes_enabled":true,"jetpack-related-posts":[],"_links":{"self":[{"href":"https:\/\/www.fass-berlin.de\/startseite\/wp-json\/wp\/v2\/posts\/1057","targetHints":{"allow":["GET"]}}],"collection":[{"href":"https:\/\/www.fass-berlin.de\/startseite\/wp-json\/wp\/v2\/posts"}],"about":[{"href":"https:\/\/www.fass-berlin.de\/startseite\/wp-json\/wp\/v2\/types\/post"}],"author":[{"embeddable":true,"href":"https:\/\/www.fass-berlin.de\/startseite\/wp-json\/wp\/v2\/users\/2"}],"replies":[{"embeddable":true,"href":"https:\/\/www.fass-berlin.de\/startseite\/wp-json\/wp\/v2\/comments?post=1057"}],"version-history":[{"count":1,"href":"https:\/\/www.fass-berlin.de\/startseite\/wp-json\/wp\/v2\/posts\/1057\/revisions"}],"predecessor-version":[{"id":1059,"href":"https:\/\/www.fass-berlin.de\/startseite\/wp-json\/wp\/v2\/posts\/1057\/revisions\/1059"}],"wp:featuredmedia":[{"embeddable":true,"href":"https:\/\/www.fass-berlin.de\/startseite\/wp-json\/wp\/v2\/media\/1058"}],"wp:attachment":[{"href":"https:\/\/www.fass-berlin.de\/startseite\/wp-json\/wp\/v2\/media?parent=1057"}],"wp:term":[{"taxonomy":"category","embeddable":true,"href":"https:\/\/www.fass-berlin.de\/startseite\/wp-json\/wp\/v2\/categories?post=1057"},{"taxonomy":"post_tag","embeddable":true,"href":"https:\/\/www.fass-berlin.de\/startseite\/wp-json\/wp\/v2\/tags?post=1057"}],"curies":[{"name":"wp","href":"https:\/\/api.w.org\/{rel}","templated":true}]}}