{"id":10901,"date":"2020-06-16T09:52:51","date_gmt":"2020-06-16T07:52:51","guid":{"rendered":"https:\/\/www.fass-berlin.de\/startseite\/?p=10901"},"modified":"2020-09-10T16:21:36","modified_gmt":"2020-09-10T14:21:36","slug":"niklas-weihrauch-geht-in-vierte-saison-fuer-fass","status":"publish","type":"post","link":"https:\/\/www.fass-berlin.de\/startseite\/2020\/06\/16\/niklas-weihrauch-geht-in-vierte-saison-fuer-fass\/","title":{"rendered":"Niklas Weihrauch geht in vierte Saison f\u00fcr FASS"},"content":{"rendered":"<p>2017 war ein Jahr des Umbruchs bei FASS Berlin, als man die Erste Mannschaft aus der Oberliga Nord zur\u00fcckzog, die Zusammenarbeit mit den Eisb\u00e4ren beendete und wieder ins Erika-He\u00df-Eisstadion zur\u00fcckkehrte. Seitdem steht <strong><a href=\"https:\/\/www.fass-berlin.de\/startseite\/player\/niklas-weihrauch\/\">Jan-Niklas Weihrauch<\/a><\/strong> im Kader der Weddinger, und der inzwischen 23j\u00e4hrige hat sich mit viel Leidenschaft und Engagement seinen festen Platz erk\u00e4mpft.<span class=\"Apple-converted-space\">\u00a0<\/span><\/p>\n<p>Als klassischer Zwei-Wege-Spieler wechselte Niklas h\u00e4ufig zwischen Verteidigung und Angriff. Der neue Headcoach Marco Rentzsch plant ihn in der Saison 2020\/21 in der Offensive ein. Insgesamt sind bislang 82 Spiele (8 Tore, 10 Assists, 85 Strafminuten) verzeichnet.<\/p>\n<p>Auch die <strong>Semi Designs<\/strong> Werbeagentur bleibt uns als Partner erhalten und wird weiter sicherstellen, dass FASS in allen Medien professionell pr\u00e4sentiert wird.<\/p>\n","protected":false},"excerpt":{"rendered":"<p>2017 war ein Jahr des Umbruchs bei FASS Berlin, als man die Erste Mannschaft aus der Oberliga Nord zur\u00fcckzog, die Zusammenarbeit mit den Eisb\u00e4ren beendete und wieder ins Erika-He\u00df-Eisstadion zur\u00fcckkehrte. Seitdem steht Jan-Niklas Weihrauch im Kader der Weddinger, und der inzwischen 23j\u00e4hrige hat sich mit viel Leidenschaft und Engagement seinen festen Platz erk\u00e4mpft.\u00a0 Als klassischer [&hellip;]<\/p>\n","protected":false},"author":4,"featured_media":10902,"comment_status":"open","ping_status":"open","sticky":false,"template":"","format":"standard","meta":{"_exactmetrics_skip_tracking":false,"_exactmetrics_sitenote_active":false,"_exactmetrics_sitenote_note":"","_exactmetrics_sitenote_category":0,"jetpack_post_was_ever_published":false,"_jetpack_newsletter_access":"","_jetpack_dont_email_post_to_subs":false,"_jetpack_newsletter_tier_id":0,"_jetpack_memberships_contains_paywalled_content":false,"_jetpack_memberships_contains_paid_content":false,"footnotes":"","jetpack_publicize_message":"","jetpack_publicize_feature_enabled":true,"jetpack_social_post_already_shared":true,"jetpack_social_options":{"image_generator_settings":{"template":"highway","default_image_id":0,"font":"","enabled":false},"version":2}},"categories":[50],"tags":[854],"class_list":["post-10901","post","type-post","status-publish","format-standard","has-post-thumbnail","hentry","category-regionalliga-ost","tag-kadernews"],"jetpack_publicize_connections":[],"jetpack_featured_media_url":"https:\/\/www.fass-berlin.de\/wp-content\/uploads\/2020\/06\/Vertragsverl\u00e4ngerung-1-scaled.jpg","jetpack_sharing_enabled":true,"jetpack_shortlink":"https:\/\/wp.me\/paiOCx-2PP","jetpack_likes_enabled":true,"jetpack-related-posts":[],"_links":{"self":[{"href":"https:\/\/www.fass-berlin.de\/startseite\/wp-json\/wp\/v2\/posts\/10901","targetHints":{"allow":["GET"]}}],"collection":[{"href":"https:\/\/www.fass-berlin.de\/startseite\/wp-json\/wp\/v2\/posts"}],"about":[{"href":"https:\/\/www.fass-berlin.de\/startseite\/wp-json\/wp\/v2\/types\/post"}],"author":[{"embeddable":true,"href":"https:\/\/www.fass-berlin.de\/startseite\/wp-json\/wp\/v2\/users\/4"}],"replies":[{"embeddable":true,"href":"https:\/\/www.fass-berlin.de\/startseite\/wp-json\/wp\/v2\/comments?post=10901"}],"version-history":[{"count":3,"href":"https:\/\/www.fass-berlin.de\/startseite\/wp-json\/wp\/v2\/posts\/10901\/revisions"}],"predecessor-version":[{"id":10905,"href":"https:\/\/www.fass-berlin.de\/startseite\/wp-json\/wp\/v2\/posts\/10901\/revisions\/10905"}],"wp:featuredmedia":[{"embeddable":true,"href":"https:\/\/www.fass-berlin.de\/startseite\/wp-json\/wp\/v2\/media\/10902"}],"wp:attachment":[{"href":"https:\/\/www.fass-berlin.de\/startseite\/wp-json\/wp\/v2\/media?parent=10901"}],"wp:term":[{"taxonomy":"category","embeddable":true,"href":"https:\/\/www.fass-berlin.de\/startseite\/wp-json\/wp\/v2\/categories?post=10901"},{"taxonomy":"post_tag","embeddable":true,"href":"https:\/\/www.fass-berlin.de\/startseite\/wp-json\/wp\/v2\/tags?post=10901"}],"curies":[{"name":"wp","href":"https:\/\/api.w.org\/{rel}","templated":true}]}}