{"id":10984,"date":"2020-07-12T20:20:52","date_gmt":"2020-07-12T18:20:52","guid":{"rendered":"https:\/\/www.fass-berlin.de\/startseite\/?p=10984"},"modified":"2020-09-10T16:20:47","modified_gmt":"2020-09-10T14:20:47","slug":"auf-wiedersehen","status":"publish","type":"post","link":"https:\/\/www.fass-berlin.de\/startseite\/2020\/07\/12\/auf-wiedersehen\/","title":{"rendered":"Auf Wiedersehen!"},"content":{"rendered":"<p>Der neue Headcoach <b>Marco Rentzsch <\/b>muss einige Abg\u00e4nge verkraften. Neben <a href=\"https:\/\/www.fass-berlin.de\/startseite\/player\/david-trivellato\/\">David Trivellato<\/a>, der zu den Hannover Indians wechselt, werden auch <a href=\"https:\/\/www.fass-berlin.de\/startseite\/player\/dimitry-butasch\/\">Dimitry Butasch<\/a>, <a href=\"https:\/\/www.fass-berlin.de\/startseite\/player\/soeren-thiem\/\">S\u00f6ren Thiem<\/a>, <a href=\"https:\/\/www.fass-berlin.de\/startseite\/player\/joe-timm\/\">Joe Timm<\/a> und <a href=\"https:\/\/www.fass-berlin.de\/startseite\/player\/julian-van-lijden\/\">Julian van Lijden<\/a> nicht mehr im Kader stehen. Alle genannten Spieler trugen mindestens drei Spielzeiten das rot-wei\u00df-schwarze Trikot. FASS bedankt sich f\u00fcr den Beitrag auf unserem Weg und w\u00fcnscht weiter viel Erfolg. Bestimmt werden wir den ein oder anderen irgendwann wieder in unserem Team begr\u00fc\u00dfen k\u00f6nnen.<span class=\"Apple-converted-space\">\u00a0<\/span><\/p>\n<p>Auch die <strong>Steink\u00fchler<\/strong> Kanzlei f\u00fcr Arbeits- und Gesellschaftsrecht, die uns in den vergangenen vier Jahren begleitet hat, verabschiedet sich aus unserem Sponsoren-Pool. Wir danken herzlich f\u00fcr die Unterst\u00fctzung.<span class=\"Apple-converted-space\">\u00a0<\/span><\/p>\n","protected":false},"excerpt":{"rendered":"<p>Der neue Headcoach Marco Rentzsch muss einige Abg\u00e4nge verkraften. Neben David Trivellato, der zu den Hannover Indians wechselt, werden auch Dimitry Butasch, S\u00f6ren Thiem, Joe Timm und Julian van Lijden nicht mehr im Kader stehen. Alle genannten Spieler trugen mindestens drei Spielzeiten das rot-wei\u00df-schwarze Trikot. FASS bedankt sich f\u00fcr den Beitrag auf unserem Weg und [&hellip;]<\/p>\n","protected":false},"author":4,"featured_media":10981,"comment_status":"open","ping_status":"open","sticky":false,"template":"","format":"standard","meta":{"_exactmetrics_skip_tracking":false,"_exactmetrics_sitenote_active":false,"_exactmetrics_sitenote_note":"","_exactmetrics_sitenote_category":0,"jetpack_post_was_ever_published":false,"_jetpack_newsletter_access":"","_jetpack_dont_email_post_to_subs":false,"_jetpack_newsletter_tier_id":0,"_jetpack_memberships_contains_paywalled_content":false,"_jetpack_memberships_contains_paid_content":false,"footnotes":"","jetpack_publicize_message":"","jetpack_publicize_feature_enabled":true,"jetpack_social_post_already_shared":true,"jetpack_social_options":{"image_generator_settings":{"template":"highway","default_image_id":0,"font":"","enabled":false},"version":2}},"categories":[50],"tags":[854],"class_list":["post-10984","post","type-post","status-publish","format-standard","has-post-thumbnail","hentry","category-regionalliga-ost","tag-kadernews"],"jetpack_publicize_connections":[],"jetpack_featured_media_url":"https:\/\/www.fass-berlin.de\/wp-content\/uploads\/2020\/07\/Abg\u00e4nge_2020-21.jpg","jetpack_sharing_enabled":true,"jetpack_shortlink":"https:\/\/wp.me\/paiOCx-2Ra","jetpack_likes_enabled":true,"jetpack-related-posts":[],"_links":{"self":[{"href":"https:\/\/www.fass-berlin.de\/startseite\/wp-json\/wp\/v2\/posts\/10984","targetHints":{"allow":["GET"]}}],"collection":[{"href":"https:\/\/www.fass-berlin.de\/startseite\/wp-json\/wp\/v2\/posts"}],"about":[{"href":"https:\/\/www.fass-berlin.de\/startseite\/wp-json\/wp\/v2\/types\/post"}],"author":[{"embeddable":true,"href":"https:\/\/www.fass-berlin.de\/startseite\/wp-json\/wp\/v2\/users\/4"}],"replies":[{"embeddable":true,"href":"https:\/\/www.fass-berlin.de\/startseite\/wp-json\/wp\/v2\/comments?post=10984"}],"version-history":[{"count":1,"href":"https:\/\/www.fass-berlin.de\/startseite\/wp-json\/wp\/v2\/posts\/10984\/revisions"}],"predecessor-version":[{"id":10985,"href":"https:\/\/www.fass-berlin.de\/startseite\/wp-json\/wp\/v2\/posts\/10984\/revisions\/10985"}],"wp:featuredmedia":[{"embeddable":true,"href":"https:\/\/www.fass-berlin.de\/startseite\/wp-json\/wp\/v2\/media\/10981"}],"wp:attachment":[{"href":"https:\/\/www.fass-berlin.de\/startseite\/wp-json\/wp\/v2\/media?parent=10984"}],"wp:term":[{"taxonomy":"category","embeddable":true,"href":"https:\/\/www.fass-berlin.de\/startseite\/wp-json\/wp\/v2\/categories?post=10984"},{"taxonomy":"post_tag","embeddable":true,"href":"https:\/\/www.fass-berlin.de\/startseite\/wp-json\/wp\/v2\/tags?post=10984"}],"curies":[{"name":"wp","href":"https:\/\/api.w.org\/{rel}","templated":true}]}}