{"id":11031,"date":"2020-07-26T08:53:17","date_gmt":"2020-07-26T06:53:17","guid":{"rendered":"https:\/\/www.fass-berlin.de\/startseite\/?p=11031"},"modified":"2020-09-10T16:20:22","modified_gmt":"2020-09-10T14:20:22","slug":"dennis-merk-geht-in-siebte-saison-fuer-fass-berlin","status":"publish","type":"post","link":"https:\/\/www.fass-berlin.de\/startseite\/2020\/07\/26\/dennis-merk-geht-in-siebte-saison-fuer-fass-berlin\/","title":{"rendered":"Dennis Merk geht in siebte Saison f\u00fcr FASS Berlin"},"content":{"rendered":"<p>Im Januar 2015 &#8211; kurz nach seinem 17. Geburtstag &#8211; feierte er sein Deb\u00fct f\u00fcr FASS in der damaligen Oberliga Ost. Seitdem ist <a href=\"https:\/\/www.fass-berlin.de\/startseite\/player\/dennis-merk\/\"><strong>Dennis Merk<\/strong><\/a> ein fester Bestandteil der FASS-Familie geworden. Auch in der Saison 2020\/21 geht er im Erika-He\u00df-Eisstadion auf Torejagd. In der vergangenen Spielzeit lie\u00df es der Face-off-Spezialist, der sich auf der Center-Position am wohlsten f\u00fchlt, nur sechs Mal im gegnerischen Kasten klingeln. \u201eNat\u00fcrlich will ich wieder h\u00e4ufiger treffen\u201c, meint er. \u201eWichtiger ist aber, dass wir als Mannschaft den n\u00e4chsten Schritt machen.\u201c<\/p>\n<p>Inzwischen blickt der 22j\u00e4hrige bereits auf 147 Spiele f\u00fcr den Weddinger Club zur\u00fcck, in denen er 56 Tore und 72 Assists erzielt hat (154 Strafminuten). Ausgebildet wurde er bei den Eisb\u00e4ren Juniors, wo er 119 DNL-Spiele absolvierte.<\/p>\n","protected":false},"excerpt":{"rendered":"<p>Im Januar 2015 &#8211; kurz nach seinem 17. Geburtstag &#8211; feierte er sein Deb\u00fct f\u00fcr FASS in der damaligen Oberliga Ost. Seitdem ist Dennis Merk ein fester Bestandteil der FASS-Familie geworden. Auch in der Saison 2020\/21 geht er im Erika-He\u00df-Eisstadion auf Torejagd. In der vergangenen Spielzeit lie\u00df es der Face-off-Spezialist, der sich auf der Center-Position [&hellip;]<\/p>\n","protected":false},"author":4,"featured_media":11032,"comment_status":"open","ping_status":"open","sticky":false,"template":"","format":"standard","meta":{"_exactmetrics_skip_tracking":false,"_exactmetrics_sitenote_active":false,"_exactmetrics_sitenote_note":"","_exactmetrics_sitenote_category":0,"jetpack_post_was_ever_published":false,"_jetpack_newsletter_access":"","_jetpack_dont_email_post_to_subs":false,"_jetpack_newsletter_tier_id":0,"_jetpack_memberships_contains_paywalled_content":false,"_jetpack_memberships_contains_paid_content":false,"footnotes":"","jetpack_publicize_message":"","jetpack_publicize_feature_enabled":true,"jetpack_social_post_already_shared":true,"jetpack_social_options":{"image_generator_settings":{"template":"highway","default_image_id":0,"font":"","enabled":false},"version":2}},"categories":[50],"tags":[854],"class_list":["post-11031","post","type-post","status-publish","format-standard","has-post-thumbnail","hentry","category-regionalliga-ost","tag-kadernews"],"jetpack_publicize_connections":[],"jetpack_featured_media_url":"https:\/\/www.fass-berlin.de\/wp-content\/uploads\/2020\/07\/Vertragsverl\u00e4ngerung_Juli-Merk-scaled.jpg","jetpack_sharing_enabled":true,"jetpack_shortlink":"https:\/\/wp.me\/paiOCx-2RV","jetpack_likes_enabled":true,"jetpack-related-posts":[],"_links":{"self":[{"href":"https:\/\/www.fass-berlin.de\/startseite\/wp-json\/wp\/v2\/posts\/11031","targetHints":{"allow":["GET"]}}],"collection":[{"href":"https:\/\/www.fass-berlin.de\/startseite\/wp-json\/wp\/v2\/posts"}],"about":[{"href":"https:\/\/www.fass-berlin.de\/startseite\/wp-json\/wp\/v2\/types\/post"}],"author":[{"embeddable":true,"href":"https:\/\/www.fass-berlin.de\/startseite\/wp-json\/wp\/v2\/users\/4"}],"replies":[{"embeddable":true,"href":"https:\/\/www.fass-berlin.de\/startseite\/wp-json\/wp\/v2\/comments?post=11031"}],"version-history":[{"count":1,"href":"https:\/\/www.fass-berlin.de\/startseite\/wp-json\/wp\/v2\/posts\/11031\/revisions"}],"predecessor-version":[{"id":11033,"href":"https:\/\/www.fass-berlin.de\/startseite\/wp-json\/wp\/v2\/posts\/11031\/revisions\/11033"}],"wp:featuredmedia":[{"embeddable":true,"href":"https:\/\/www.fass-berlin.de\/startseite\/wp-json\/wp\/v2\/media\/11032"}],"wp:attachment":[{"href":"https:\/\/www.fass-berlin.de\/startseite\/wp-json\/wp\/v2\/media?parent=11031"}],"wp:term":[{"taxonomy":"category","embeddable":true,"href":"https:\/\/www.fass-berlin.de\/startseite\/wp-json\/wp\/v2\/categories?post=11031"},{"taxonomy":"post_tag","embeddable":true,"href":"https:\/\/www.fass-berlin.de\/startseite\/wp-json\/wp\/v2\/tags?post=11031"}],"curies":[{"name":"wp","href":"https:\/\/api.w.org\/{rel}","templated":true}]}}