{"id":11232,"date":"2020-10-04T22:15:14","date_gmt":"2020-10-04T20:15:14","guid":{"rendered":"https:\/\/www.fass-berlin.de\/startseite\/?p=11232"},"modified":"2020-10-04T22:15:14","modified_gmt":"2020-10-04T20:15:14","slug":"penaltysieg-im-premierenspiel","status":"publish","type":"post","link":"https:\/\/www.fass-berlin.de\/startseite\/2020\/10\/04\/penaltysieg-im-premierenspiel\/","title":{"rendered":"Penaltysieg im Premierenspiel"},"content":{"rendered":"<p><strong>Sie brauchten ein wenig Anlaufzeit, dann aber lief es bei den Frauen von FASS Berlin. Im Testspiel beim ETC Crimmitschau gab es einen 4:3-Erfolg (0:2, 0:1, 3:0, 1:0) nach Penaltyschie\u00dfen.<\/strong><\/p>\n<figure id=\"attachment_11234\" aria-describedby=\"caption-attachment-11234\" style=\"width: 300px\" class=\"wp-caption alignright\"><img loading=\"lazy\" decoding=\"async\" class=\"size-medium wp-image-11234\" src=\"https:\/\/www.fass-berlin.de\/wp-content\/uploads\/2020\/10\/WhatsApp-Image-2020-10-04-at-10.28.16-1-300x201.jpeg\" alt=\"\" width=\"300\" height=\"201\" srcset=\"https:\/\/www.fass-berlin.de\/wp-content\/uploads\/2020\/10\/WhatsApp-Image-2020-10-04-at-10.28.16-1-300x201.jpeg 300w, https:\/\/www.fass-berlin.de\/wp-content\/uploads\/2020\/10\/WhatsApp-Image-2020-10-04-at-10.28.16-1-1024x685.jpeg 1024w, https:\/\/www.fass-berlin.de\/wp-content\/uploads\/2020\/10\/WhatsApp-Image-2020-10-04-at-10.28.16-1-768x514.jpeg 768w, https:\/\/www.fass-berlin.de\/wp-content\/uploads\/2020\/10\/WhatsApp-Image-2020-10-04-at-10.28.16-1-1536x1028.jpeg 1536w, https:\/\/www.fass-berlin.de\/wp-content\/uploads\/2020\/10\/WhatsApp-Image-2020-10-04-at-10.28.16-1-128x86.jpeg 128w, https:\/\/www.fass-berlin.de\/wp-content\/uploads\/2020\/10\/WhatsApp-Image-2020-10-04-at-10.28.16-1-32x21.jpeg 32w, https:\/\/www.fass-berlin.de\/wp-content\/uploads\/2020\/10\/WhatsApp-Image-2020-10-04-at-10.28.16-1-272x182.jpeg 272w, https:\/\/www.fass-berlin.de\/wp-content\/uploads\/2020\/10\/WhatsApp-Image-2020-10-04-at-10.28.16-1.jpeg 1600w\" sizes=\"auto, (max-width: 300px) 100vw, 300px\" \/><figcaption id=\"caption-attachment-11234\" class=\"wp-caption-text\">Johanna Sch\u00fcller stand im Tor<\/figcaption><\/figure>\n<p>Mit zw\u00f6lf Feldspielerinnen und Johanna Sch\u00fcller im Tor reiste FASS nach Crimmitschau. Die Gastgeberinnen konnten zwei Feldspielerinnen mehr aufbieten und sie begannen mit Anna-Sophie Schulze im Tor.<\/p>\n<p>Das Spiel begann sehr ungl\u00fccklich f\u00fcr FASS, nach bereits 23 Sekunden konnte Maria Vogt die Gastgeberinnen in F\u00fchrung bringen. FASS agierte sehr nerv\u00f6s, es gelang zun\u00e4chst nicht viel. Das nutzte Crimmitschau aus, Lisa Ruschke konnte mit zwei Treffern nach neun und 22 Minuten das Ergebnis auf 3:0 schrauben. Einiges an Pech kam bei FASS auch noch dazu, gleich mehrere Spielerinnen testeten das Metall der Crimmitschauer Tore.<\/p>\n<p>Im letzten Drittel wechselte Crimmitschau die Torh\u00fcterin, Vanessa Seidel \u00fcbernahm. Bei FASS klappte es dann endlich mit dem Toreschie\u00dfen. Die 47 Minute brachte den ersten Treffer der Teamgeschichte, Vanessa Gasde war erfolgreich. Und FASS blieb dran. Nun klappte einiges besser und Lisa Idschok konnte mit zwei Toren (51., 55.) den Ausgleich erzielen. FASS vergab vier Minuten vor dem Ende noch einen Penalty und so blieb es nach 60 Minuten beim 3:3.<\/p>\n<figure id=\"attachment_11236\" aria-describedby=\"caption-attachment-11236\" style=\"width: 450px\" class=\"wp-caption alignright\"><img loading=\"lazy\" decoding=\"async\" class=\"wp-image-11236\" src=\"https:\/\/www.fass-berlin.de\/wp-content\/uploads\/2020\/10\/WhatsApp-Image-2020-10-04-at-10.28.06-300x201.jpeg\" alt=\"\" width=\"450\" height=\"301\" srcset=\"https:\/\/www.fass-berlin.de\/wp-content\/uploads\/2020\/10\/WhatsApp-Image-2020-10-04-at-10.28.06-300x201.jpeg 300w, https:\/\/www.fass-berlin.de\/wp-content\/uploads\/2020\/10\/WhatsApp-Image-2020-10-04-at-10.28.06-1024x685.jpeg 1024w, https:\/\/www.fass-berlin.de\/wp-content\/uploads\/2020\/10\/WhatsApp-Image-2020-10-04-at-10.28.06-768x514.jpeg 768w, https:\/\/www.fass-berlin.de\/wp-content\/uploads\/2020\/10\/WhatsApp-Image-2020-10-04-at-10.28.06-1536x1028.jpeg 1536w, https:\/\/www.fass-berlin.de\/wp-content\/uploads\/2020\/10\/WhatsApp-Image-2020-10-04-at-10.28.06-128x86.jpeg 128w, https:\/\/www.fass-berlin.de\/wp-content\/uploads\/2020\/10\/WhatsApp-Image-2020-10-04-at-10.28.06-32x21.jpeg 32w, https:\/\/www.fass-berlin.de\/wp-content\/uploads\/2020\/10\/WhatsApp-Image-2020-10-04-at-10.28.06-272x182.jpeg 272w, https:\/\/www.fass-berlin.de\/wp-content\/uploads\/2020\/10\/WhatsApp-Image-2020-10-04-at-10.28.06.jpeg 1600w\" sizes=\"auto, (max-width: 450px) 100vw, 450px\" \/><figcaption id=\"caption-attachment-11236\" class=\"wp-caption-text\">Vor dem ersten Frauen-Spiel der Vereinsgeschichte<\/figcaption><\/figure>\n<p>Es folgte ein Penaltyschie\u00dfen und auch das verlief spannend. Von den ersten drei Sch\u00fctzen konnten Janine Speck (ETC) und Vanessa Gasde (FASS) ihren Penalty verwandeln. Die zweite Extrapaarung brachte die Entscheidung, Emmi-Lee Hanack erzielte den Siegtreffer.<\/p>\n<p>Es ist also noch Luft nach oben, aber nun wei\u00df das Team, worauf es sich f\u00fcr die Saison einstellen muss. Auch in dieser Liga muss alles gebracht werden, um Spiele zu gewinnen.<\/p>\n<p>Schiedsrichter: Gerth, H\u00f6ppner<br \/>\nStrafe: ETCC 10 (2\/6\/2), FASS 12 (0\/6\/6)<br \/>\nTore:<br \/>\n1:0 (00:23) M. Vogt (F. Walther); 2:0 (08:11) L. Ruschke (C. Breite, L. Friedrich);<br \/>\n3:0 (21:53) L. Ruschke (C. Breite);<br \/>\n3:1 (46:57) <strong>V. Gasde<\/strong> (M. Wartha, L. Idschok); 3:2 (51:00) <strong>L. Idschok<\/strong>; 3:3 (54:32) <strong>L. Idschok<\/strong> (V. Gasde);<br \/>\n3:4 (65:00) <strong>E.-L. Hanack<\/strong> PS.<\/p>\n<figure id=\"attachment_11235\" aria-describedby=\"caption-attachment-11235\" style=\"width: 300px\" class=\"wp-caption alignleft\"><img loading=\"lazy\" decoding=\"async\" class=\"size-medium wp-image-11235\" src=\"https:\/\/www.fass-berlin.de\/wp-content\/uploads\/2020\/10\/WhatsApp-Image-2020-10-04-at-10.28.19-1-300x201.jpeg\" alt=\"\" width=\"300\" height=\"201\" srcset=\"https:\/\/www.fass-berlin.de\/wp-content\/uploads\/2020\/10\/WhatsApp-Image-2020-10-04-at-10.28.19-1-300x201.jpeg 300w, https:\/\/www.fass-berlin.de\/wp-content\/uploads\/2020\/10\/WhatsApp-Image-2020-10-04-at-10.28.19-1-1024x685.jpeg 1024w, https:\/\/www.fass-berlin.de\/wp-content\/uploads\/2020\/10\/WhatsApp-Image-2020-10-04-at-10.28.19-1-768x514.jpeg 768w, https:\/\/www.fass-berlin.de\/wp-content\/uploads\/2020\/10\/WhatsApp-Image-2020-10-04-at-10.28.19-1-1536x1028.jpeg 1536w, https:\/\/www.fass-berlin.de\/wp-content\/uploads\/2020\/10\/WhatsApp-Image-2020-10-04-at-10.28.19-1-128x86.jpeg 128w, https:\/\/www.fass-berlin.de\/wp-content\/uploads\/2020\/10\/WhatsApp-Image-2020-10-04-at-10.28.19-1-32x21.jpeg 32w, https:\/\/www.fass-berlin.de\/wp-content\/uploads\/2020\/10\/WhatsApp-Image-2020-10-04-at-10.28.19-1-272x182.jpeg 272w, https:\/\/www.fass-berlin.de\/wp-content\/uploads\/2020\/10\/WhatsApp-Image-2020-10-04-at-10.28.19-1.jpeg 1600w\" sizes=\"auto, (max-width: 300px) 100vw, 300px\" \/><figcaption id=\"caption-attachment-11235\" class=\"wp-caption-text\">So sehen Siegerinnen aus!<\/figcaption><\/figure>\n<p>FASS spielte in folgender Aufstellung:<br \/>\nTor: J. Sch\u00fcller<br \/>\nAbwehr: L. Zielke, A. Po\u00dfner, M. Wartha (C), J. E. Lee, A.-M. Plaumann, M. Hylla<br \/>\nAngriff: L. Idschok (A), S. Schneider, K. Mathea, V. Gasde (A), Ch. Leonhardt, E.-L. Hanack<\/p>\n<p>Fotos: Dietmar Idschok<\/p>\n","protected":false},"excerpt":{"rendered":"<p>Sie brauchten ein wenig Anlaufzeit, dann aber lief es bei den Frauen von FASS Berlin. Im Testspiel beim ETC Crimmitschau gab es einen 4:3-Erfolg (0:2, 0:1, 3:0, 1:0) nach Penaltyschie\u00dfen. Mit zw\u00f6lf Feldspielerinnen und Johanna Sch\u00fcller im Tor reiste FASS nach Crimmitschau. Die Gastgeberinnen konnten zwei Feldspielerinnen mehr aufbieten und sie begannen mit Anna-Sophie Schulze [&hellip;]<\/p>\n","protected":false},"author":9,"featured_media":11233,"comment_status":"open","ping_status":"open","sticky":false,"template":"","format":"standard","meta":{"_exactmetrics_skip_tracking":false,"_exactmetrics_sitenote_active":false,"_exactmetrics_sitenote_note":"","_exactmetrics_sitenote_category":0,"jetpack_post_was_ever_published":false,"_jetpack_newsletter_access":"","_jetpack_dont_email_post_to_subs":false,"_jetpack_newsletter_tier_id":0,"_jetpack_memberships_contains_paywalled_content":false,"_jetpack_memberships_contains_paid_content":false,"footnotes":"","jetpack_publicize_message":"","jetpack_publicize_feature_enabled":true,"jetpack_social_post_already_shared":true,"jetpack_social_options":{"image_generator_settings":{"template":"highway","default_image_id":0,"font":"","enabled":false},"version":2}},"categories":[853],"tags":[],"class_list":["post-11232","post","type-post","status-publish","format-standard","has-post-thumbnail","hentry","category-frauen"],"jetpack_publicize_connections":[],"jetpack_featured_media_url":"https:\/\/www.fass-berlin.de\/wp-content\/uploads\/2020\/10\/WhatsApp-Image-2020-10-04-at-10.28.07-1.jpeg","jetpack_sharing_enabled":true,"jetpack_shortlink":"https:\/\/wp.me\/paiOCx-2Va","jetpack_likes_enabled":true,"jetpack-related-posts":[],"_links":{"self":[{"href":"https:\/\/www.fass-berlin.de\/startseite\/wp-json\/wp\/v2\/posts\/11232","targetHints":{"allow":["GET"]}}],"collection":[{"href":"https:\/\/www.fass-berlin.de\/startseite\/wp-json\/wp\/v2\/posts"}],"about":[{"href":"https:\/\/www.fass-berlin.de\/startseite\/wp-json\/wp\/v2\/types\/post"}],"author":[{"embeddable":true,"href":"https:\/\/www.fass-berlin.de\/startseite\/wp-json\/wp\/v2\/users\/9"}],"replies":[{"embeddable":true,"href":"https:\/\/www.fass-berlin.de\/startseite\/wp-json\/wp\/v2\/comments?post=11232"}],"version-history":[{"count":3,"href":"https:\/\/www.fass-berlin.de\/startseite\/wp-json\/wp\/v2\/posts\/11232\/revisions"}],"predecessor-version":[{"id":11239,"href":"https:\/\/www.fass-berlin.de\/startseite\/wp-json\/wp\/v2\/posts\/11232\/revisions\/11239"}],"wp:featuredmedia":[{"embeddable":true,"href":"https:\/\/www.fass-berlin.de\/startseite\/wp-json\/wp\/v2\/media\/11233"}],"wp:attachment":[{"href":"https:\/\/www.fass-berlin.de\/startseite\/wp-json\/wp\/v2\/media?parent=11232"}],"wp:term":[{"taxonomy":"category","embeddable":true,"href":"https:\/\/www.fass-berlin.de\/startseite\/wp-json\/wp\/v2\/categories?post=11232"},{"taxonomy":"post_tag","embeddable":true,"href":"https:\/\/www.fass-berlin.de\/startseite\/wp-json\/wp\/v2\/tags?post=11232"}],"curies":[{"name":"wp","href":"https:\/\/api.w.org\/{rel}","templated":true}]}}