{"id":11241,"date":"2020-10-05T15:38:01","date_gmt":"2020-10-05T13:38:01","guid":{"rendered":"https:\/\/www.fass-berlin.de\/startseite\/?p=11241"},"modified":"2020-10-05T15:38:01","modified_gmt":"2020-10-05T13:38:01","slug":"einigung-mit-richard-jansson","status":"publish","type":"post","link":"https:\/\/www.fass-berlin.de\/startseite\/2020\/10\/05\/einigung-mit-richard-jansson\/","title":{"rendered":"Einigung mit Richard Jansson"},"content":{"rendered":"<p>Er hatte bereits das komplette Vorbereitungsprogramm mit gemacht &#8211; und jetzt erzielten FASS Berlin und der Angreifer <strong><a href=\"https:\/\/www.fass-berlin.de\/startseite\/player\/richard-jansson\/\">Richard Jansson<\/a><\/strong> Einigkeit \u00fcber ein Engagement in der Saison 2020\/21. F\u00fcr den 28j\u00e4hrigen ist es eine R\u00fcckkehr, denn er war bereits von 2017 bis 2019 f\u00fcr die Weddinger in 32 Regionalliga-Spielen an der Scheibe (14 Tore, 37 Assists, 53 Strafminuten). Zuletzt war Jansson in seiner schwedischen Heimat, wo er nicht Eishockey, sondern Bandy spielte. Doch es zog ihn wieder zur\u00fcck nach Berlin, und schnell war der Kontakt zu den FASS-Verantwortlichen hergestellt.<\/p>\n<p>\u201eRichard ist ein erfahrener und sehr einsatzfreudiger Angreifer. Er hat seinerzeit in G\u00f6teborg eine hervorragende Ausbildung genossen. K\u00f6rperlich ist er topfit\u201c, ist Headcoach Marco Rentzsch zufrieden mit der Verpflichtung. \u201eUnsere Kaderplanung ist damit zun\u00e4chst abgeschlossen. Wir haben mit Richard zwar nur einen TK-Spieler, aber wird sind auch so sehr gut besetzt. Au\u00dferdem gibt es noch einige talentierte Jungs im FASS-Landesligakader, auf die wir zur\u00fcckgreifen k\u00f6nnen.\u201c<\/p>\n<p>Pr\u00e4sentiert wird die Verpflichtung von der <strong>Compass&amp;Spine GmbH<\/strong>. Das global t\u00e4tige Berliner Beratungsunternehmen ist seit einigen Jahren einer der Hauptsponsoren von FASS.<\/p>\n","protected":false},"excerpt":{"rendered":"<p>Er hatte bereits das komplette Vorbereitungsprogramm mit gemacht &#8211; und jetzt erzielten FASS Berlin und der Angreifer Richard Jansson Einigkeit \u00fcber ein Engagement in der Saison 2020\/21. F\u00fcr den 28j\u00e4hrigen ist es eine R\u00fcckkehr, denn er war bereits von 2017 bis 2019 f\u00fcr die Weddinger in 32 Regionalliga-Spielen an der Scheibe (14 Tore, 37 Assists, [&hellip;]<\/p>\n","protected":false},"author":4,"featured_media":11242,"comment_status":"open","ping_status":"open","sticky":false,"template":"","format":"standard","meta":{"_exactmetrics_skip_tracking":false,"_exactmetrics_sitenote_active":false,"_exactmetrics_sitenote_note":"","_exactmetrics_sitenote_category":0,"jetpack_post_was_ever_published":false,"_jetpack_newsletter_access":"","_jetpack_dont_email_post_to_subs":false,"_jetpack_newsletter_tier_id":0,"_jetpack_memberships_contains_paywalled_content":false,"_jetpack_memberships_contains_paid_content":false,"footnotes":"","jetpack_publicize_message":"","jetpack_publicize_feature_enabled":true,"jetpack_social_post_already_shared":true,"jetpack_social_options":{"image_generator_settings":{"template":"highway","default_image_id":0,"font":"","enabled":false},"version":2}},"categories":[50],"tags":[],"class_list":["post-11241","post","type-post","status-publish","format-standard","has-post-thumbnail","hentry","category-regionalliga-ost"],"jetpack_publicize_connections":[],"jetpack_featured_media_url":"https:\/\/www.fass-berlin.de\/wp-content\/uploads\/2020\/10\/Neuzugang_Jansson-Richard.jpg","jetpack_sharing_enabled":true,"jetpack_shortlink":"https:\/\/wp.me\/paiOCx-2Vj","jetpack_likes_enabled":true,"jetpack-related-posts":[],"_links":{"self":[{"href":"https:\/\/www.fass-berlin.de\/startseite\/wp-json\/wp\/v2\/posts\/11241","targetHints":{"allow":["GET"]}}],"collection":[{"href":"https:\/\/www.fass-berlin.de\/startseite\/wp-json\/wp\/v2\/posts"}],"about":[{"href":"https:\/\/www.fass-berlin.de\/startseite\/wp-json\/wp\/v2\/types\/post"}],"author":[{"embeddable":true,"href":"https:\/\/www.fass-berlin.de\/startseite\/wp-json\/wp\/v2\/users\/4"}],"replies":[{"embeddable":true,"href":"https:\/\/www.fass-berlin.de\/startseite\/wp-json\/wp\/v2\/comments?post=11241"}],"version-history":[{"count":1,"href":"https:\/\/www.fass-berlin.de\/startseite\/wp-json\/wp\/v2\/posts\/11241\/revisions"}],"predecessor-version":[{"id":11243,"href":"https:\/\/www.fass-berlin.de\/startseite\/wp-json\/wp\/v2\/posts\/11241\/revisions\/11243"}],"wp:featuredmedia":[{"embeddable":true,"href":"https:\/\/www.fass-berlin.de\/startseite\/wp-json\/wp\/v2\/media\/11242"}],"wp:attachment":[{"href":"https:\/\/www.fass-berlin.de\/startseite\/wp-json\/wp\/v2\/media?parent=11241"}],"wp:term":[{"taxonomy":"category","embeddable":true,"href":"https:\/\/www.fass-berlin.de\/startseite\/wp-json\/wp\/v2\/categories?post=11241"},{"taxonomy":"post_tag","embeddable":true,"href":"https:\/\/www.fass-berlin.de\/startseite\/wp-json\/wp\/v2\/tags?post=11241"}],"curies":[{"name":"wp","href":"https:\/\/api.w.org\/{rel}","templated":true}]}}