{"id":1231,"date":"2018-07-14T21:47:25","date_gmt":"2018-07-14T19:47:25","guid":{"rendered":"https:\/\/www.fass-berlin.de\/startseite\/?p=1231"},"modified":"2018-07-14T21:47:25","modified_gmt":"2018-07-14T19:47:25","slug":"talente-weiter-dabei","status":"publish","type":"post","link":"https:\/\/www.fass-berlin.de\/startseite\/2018\/07\/14\/talente-weiter-dabei\/","title":{"rendered":"Talente weiter dabei"},"content":{"rendered":"<div>Vor einem Jahr wechselten mit B\u00f6we, Weihrauch und G\u00f6rz drei Spieler des Jahrgangs 1997 vom ECC zu FASS Berlin. Nachdem Niklas Weihrauch schon fr\u00fcher seine Zusage f\u00fcr die Saison 2018\/19 gegeben hatte, zogen seine beiden Kollegen jetzt nach.<\/div>\n<div><\/div>\n<div>Max B\u00f6we hat sich in der vergangenen Saison einen Stammplatz in der FASS-Verteidigung erarbeitet. Der Stay-at-home-Defender kam in 28 Spielen (Meisterschaft und Pokal) auf zwei Tore und drei Assists. Seine hohe Bedeutung f\u00fcr die Mannschaft dr\u00fcckt der Plus-Minus-Wert von +17 aus, der nur von drei Teamkollegen \u00fcbertroffen wurde.<\/div>\n<div><\/div>\n<div>Grigorij G\u00f6rz fiel bei seinen Eins\u00e4tzen durch seine Schnelligkeit und Beweglichkeit auf. Mit drei Toren und drei Assists in 28 Spielen bewies er sein Potenzial, eine feste Gr\u00f6\u00dfe im Regionalliga-Team der Weddinger zu werden.<\/div>\n<div><\/div>\n<div>Alexander Hedderich<\/div>\n<div>Foto\/Grafik: Christiane Kuhn<\/div>\n","protected":false},"excerpt":{"rendered":"<p>Vor einem Jahr wechselten mit B\u00f6we, Weihrauch und G\u00f6rz drei Spieler des Jahrgangs 1997 vom ECC zu FASS Berlin. Nachdem Niklas Weihrauch schon fr\u00fcher seine Zusage f\u00fcr die Saison 2018\/19 gegeben hatte, zogen seine beiden Kollegen jetzt nach. Max B\u00f6we hat sich in der vergangenen Saison einen Stammplatz in der FASS-Verteidigung erarbeitet. Der Stay-at-home-Defender kam [&hellip;]<\/p>\n","protected":false},"author":2,"featured_media":1232,"comment_status":"closed","ping_status":"closed","sticky":false,"template":"","format":"standard","meta":{"_exactmetrics_skip_tracking":false,"_exactmetrics_sitenote_active":false,"_exactmetrics_sitenote_note":"","_exactmetrics_sitenote_category":0,"jetpack_post_was_ever_published":false,"_jetpack_newsletter_access":"","_jetpack_dont_email_post_to_subs":false,"_jetpack_newsletter_tier_id":0,"_jetpack_memberships_contains_paywalled_content":false,"_jetpack_memberships_contains_paid_content":false,"footnotes":"","jetpack_publicize_message":"","jetpack_publicize_feature_enabled":true,"jetpack_social_post_already_shared":false,"jetpack_social_options":{"image_generator_settings":{"template":"highway","default_image_id":0,"font":"","enabled":false},"version":2}},"categories":[50],"tags":[299,87,297,298,218],"class_list":["post-1231","post","type-post","status-publish","format-standard","has-post-thumbnail","hentry","category-regionalliga-ost","tag-299","tag-ecc","tag-talente","tag-verlaengert","tag-verstaerkung"],"jetpack_publicize_connections":[],"jetpack_featured_media_url":"https:\/\/www.fass-berlin.de\/wp-content\/uploads\/2018\/07\/PM_2018-07-14.jpg","jetpack_sharing_enabled":true,"jetpack_shortlink":"https:\/\/wp.me\/paiOCx-jR","jetpack_likes_enabled":true,"jetpack-related-posts":[],"_links":{"self":[{"href":"https:\/\/www.fass-berlin.de\/startseite\/wp-json\/wp\/v2\/posts\/1231","targetHints":{"allow":["GET"]}}],"collection":[{"href":"https:\/\/www.fass-berlin.de\/startseite\/wp-json\/wp\/v2\/posts"}],"about":[{"href":"https:\/\/www.fass-berlin.de\/startseite\/wp-json\/wp\/v2\/types\/post"}],"author":[{"embeddable":true,"href":"https:\/\/www.fass-berlin.de\/startseite\/wp-json\/wp\/v2\/users\/2"}],"replies":[{"embeddable":true,"href":"https:\/\/www.fass-berlin.de\/startseite\/wp-json\/wp\/v2\/comments?post=1231"}],"version-history":[{"count":1,"href":"https:\/\/www.fass-berlin.de\/startseite\/wp-json\/wp\/v2\/posts\/1231\/revisions"}],"predecessor-version":[{"id":1233,"href":"https:\/\/www.fass-berlin.de\/startseite\/wp-json\/wp\/v2\/posts\/1231\/revisions\/1233"}],"wp:featuredmedia":[{"embeddable":true,"href":"https:\/\/www.fass-berlin.de\/startseite\/wp-json\/wp\/v2\/media\/1232"}],"wp:attachment":[{"href":"https:\/\/www.fass-berlin.de\/startseite\/wp-json\/wp\/v2\/media?parent=1231"}],"wp:term":[{"taxonomy":"category","embeddable":true,"href":"https:\/\/www.fass-berlin.de\/startseite\/wp-json\/wp\/v2\/categories?post=1231"},{"taxonomy":"post_tag","embeddable":true,"href":"https:\/\/www.fass-berlin.de\/startseite\/wp-json\/wp\/v2\/tags?post=1231"}],"curies":[{"name":"wp","href":"https:\/\/api.w.org\/{rel}","templated":true}]}}