{"id":1296,"date":"2018-02-10T12:00:44","date_gmt":"2018-02-10T11:00:44","guid":{"rendered":"https:\/\/www.fass-berlin.de\/startseite\/?p=1296"},"modified":"2020-03-28T04:53:28","modified_gmt":"2020-03-28T03:53:28","slug":"ausgebombt-soerenthiem-haelt-bombensicher","status":"publish","type":"post","link":"https:\/\/www.fass-berlin.de\/startseite\/2018\/02\/10\/ausgebombt-soerenthiem-haelt-bombensicher\/","title":{"rendered":"Ausgebombt \u2013 S\u00f6ren Thiem h\u00e4lt bombensicher"},"content":{"rendered":"<p>Je n\u00e4her die Play-Offs kommen, desto deutlicher wird der Unterschied zwischen den Teams an der Spitze und jenen, die eher am unteren Tabellenrand angesiedelt sind.\u00a0So kamen auch die Bad Muskau Bombers ohne ernsthafte Aussicht auf einen Punktgewinn nach Berlin, wie auch der Trainer sp\u00e4ter in der Pressekonferenz bekannte. Allerdings hoffte man schon auf ein gn\u00e4digeres Ergebnis als ausgerechnet 10:0.\u00a0Das Eis heute fest im Griff der Akademiker, die Ereignisse spielten sich in der Hauptsache vor dem Tor des G\u00e4stetorh\u00fcters Andy Hirsch ab. Die G\u00e4ste waren das ganze Spiel \u00fcber nur in wenigen Kontern und im \u00dcberzahlspiel mal gef\u00e4hrlich vor dem Tor von S\u00f6ren Thiem.<\/p>\n<p>Thiem allerdings musste sich f\u00fcr seinen ersten Shut-Out doch erheblich strecken, so galt es im zweiten Drittel eine doppelte \u00dcberzahl der Bombers und im Schlussdrittel eine Phase der Unaufmerksamkeit in der Abwehrarbeit der Weddinger\u00a0 zu \u00fcberstehen.\u00a0Beides l\u00f6ste S\u00f6ren Thiem mit tollen Paraden, was letztlich nicht immer leicht ist, wenn man im Rest des Spiel nicht so sehr gefordert wird.<\/p>\n<p>Die Kollegen aus der Sturmabteilung gingen nach den letzten Siegen in der Liga und im Pokal mit viel Selbstbewusstsein ins Rennen und nutzten ihre l\u00e4uferischen Vorteile um in oft sehenswerten Kombinationen ihre Tore zu erzielen.\u00a0Klassenbester war einmal mehr Nico Jentzsch, der drei Tore und einen Assist zum Sieg beitrug. Erw\u00e4hnt seien aber auch Neugebauer und Noack, die immer regelm\u00e4ssiger auf den Punktelisten auftauchen. Auch Golz scheint rechtzeitig zu den Play-Offs seinen Torriecher wieder zu entdecken.<\/p>\n<p>Trotz der fehlenden Wagner, Trivellato, Bonness (Krankheit und Verletzungen) und Jansson (Sperre) verlief das Spiel offenbar so st\u00f6rungsfrei, dass sogar Victor Proskuryakov das ganze Team in der Pressekonferenz lobte, was die Anwesenden in dieser Saison auch noch nicht so vom Trainer geh\u00f6rt hatten.<\/p>\n<p>FASS Berlin ist mit dem Punktgewinn heute nicht mehr aus den Play-Off-R\u00e4ngen zu verdr\u00e4ngen, weshalb auch das weitere Augenmerk sich nun auf die Play-Offs und deren Vorbereitung richtet.\u00a0Die Weddinger sind n\u00e4chste Woche spielfrei und m\u00fcssen erst am 23.2. am Glockenturm wieder auf Punktjagd gehen.<\/p>\n<p>Das n\u00e4chste und letzte Vorrunden-Heimspiel ist am 25.2. (13:30 Uhr, Erika-He\u00df-Eisstadion) die Partie gegen Tornado Niesky.<\/p>\n<p>Foto: Christiane Kuhn<\/p>\n","protected":false},"excerpt":{"rendered":"<p>Je n\u00e4her die Play-Offs kommen, desto deutlicher wird der Unterschied zwischen den Teams an der Spitze und jenen, die eher am unteren Tabellenrand angesiedelt sind.\u00a0So kamen auch die Bad Muskau Bombers ohne ernsthafte Aussicht auf einen Punktgewinn nach Berlin, wie auch der Trainer sp\u00e4ter in der Pressekonferenz bekannte. Allerdings hoffte man schon auf ein gn\u00e4digeres [&hellip;]<\/p>\n","protected":false},"author":2,"featured_media":1297,"comment_status":"closed","ping_status":"closed","sticky":false,"template":"","format":"standard","meta":{"_exactmetrics_skip_tracking":false,"_exactmetrics_sitenote_active":false,"_exactmetrics_sitenote_note":"","_exactmetrics_sitenote_category":0,"jetpack_post_was_ever_published":false,"_jetpack_newsletter_access":"","_jetpack_dont_email_post_to_subs":false,"_jetpack_newsletter_tier_id":0,"_jetpack_memberships_contains_paywalled_content":false,"_jetpack_memberships_contains_paid_content":false,"footnotes":"","jetpack_publicize_message":"","jetpack_publicize_feature_enabled":true,"jetpack_social_post_already_shared":false,"jetpack_social_options":{"image_generator_settings":{"template":"highway","default_image_id":0,"font":"","enabled":false},"version":2}},"categories":[50],"tags":[354,353,324,355,356],"class_list":["post-1296","post","type-post","status-publish","format-standard","has-post-thumbnail","hentry","category-regionalliga-ost","tag-bad-muskau","tag-bombers","tag-playoffs","tag-shutout","tag-thiem"],"jetpack_publicize_connections":[],"jetpack_featured_media_url":"https:\/\/www.fass-berlin.de\/wp-content\/uploads\/2018\/07\/2018_02_10_RLO_FASS_Muskau_Bericht.jpg","jetpack_sharing_enabled":true,"jetpack_shortlink":"https:\/\/wp.me\/paiOCx-kU","jetpack_likes_enabled":true,"jetpack-related-posts":[],"_links":{"self":[{"href":"https:\/\/www.fass-berlin.de\/startseite\/wp-json\/wp\/v2\/posts\/1296","targetHints":{"allow":["GET"]}}],"collection":[{"href":"https:\/\/www.fass-berlin.de\/startseite\/wp-json\/wp\/v2\/posts"}],"about":[{"href":"https:\/\/www.fass-berlin.de\/startseite\/wp-json\/wp\/v2\/types\/post"}],"author":[{"embeddable":true,"href":"https:\/\/www.fass-berlin.de\/startseite\/wp-json\/wp\/v2\/users\/2"}],"replies":[{"embeddable":true,"href":"https:\/\/www.fass-berlin.de\/startseite\/wp-json\/wp\/v2\/comments?post=1296"}],"version-history":[{"count":3,"href":"https:\/\/www.fass-berlin.de\/startseite\/wp-json\/wp\/v2\/posts\/1296\/revisions"}],"predecessor-version":[{"id":9840,"href":"https:\/\/www.fass-berlin.de\/startseite\/wp-json\/wp\/v2\/posts\/1296\/revisions\/9840"}],"wp:featuredmedia":[{"embeddable":true,"href":"https:\/\/www.fass-berlin.de\/startseite\/wp-json\/wp\/v2\/media\/1297"}],"wp:attachment":[{"href":"https:\/\/www.fass-berlin.de\/startseite\/wp-json\/wp\/v2\/media?parent=1296"}],"wp:term":[{"taxonomy":"category","embeddable":true,"href":"https:\/\/www.fass-berlin.de\/startseite\/wp-json\/wp\/v2\/categories?post=1296"},{"taxonomy":"post_tag","embeddable":true,"href":"https:\/\/www.fass-berlin.de\/startseite\/wp-json\/wp\/v2\/tags?post=1296"}],"curies":[{"name":"wp","href":"https:\/\/api.w.org\/{rel}","templated":true}]}}