{"id":1397,"date":"2018-07-21T11:04:29","date_gmt":"2018-07-21T09:04:29","guid":{"rendered":"https:\/\/www.fass-berlin.de\/startseite\/?p=1397"},"modified":"2018-07-21T11:04:29","modified_gmt":"2018-07-21T09:04:29","slug":"benjamin-grunwald-neuer-jugendwart-von-fass-berlin","status":"publish","type":"post","link":"https:\/\/www.fass-berlin.de\/startseite\/2018\/07\/21\/benjamin-grunwald-neuer-jugendwart-von-fass-berlin\/","title":{"rendered":"Benjamin Grunwald neuer Jugendwart von FASS Berlin"},"content":{"rendered":"<div>Benjamin Grunwald wurde vom Vorstand des F.A.S.S. e.V. Berlin als kommissarischer Jugendwart bestellt. Er wird sich anl\u00e4sslich der f\u00fcr den 22. August 2018 geplanten au\u00dferordentlichen Mitgliederversammlung den Mitgliedern vor- und zur Wahl stellen. Au\u00dferdem verst\u00e4rkt Grunwald als \u201eNachwuchskoordinator\u201c das Trainerteam von FASS.<\/div>\n<div><\/div>\n<div>Nach seiner aktiven Laufbahn, die ihn als Torh\u00fcter bis in die DEL (N\u00fcrnberg) und die 2. Bundesliga (Weiden) gef\u00fchrt hat, betreute Grunwald Nachwuchsteams bei den Eisb\u00e4ren Juniors und beim ECC Preussen. In den letzten zwei Jahren war er Trainer und Teammanager der Berlin Blues (Regionalliga Ost).<\/div>\n<div><\/div>\n<div>\u201eMit Benny Grunwald haben wir einen sportlich und organisatorisch kompetenten Kollegen gewinnen k\u00f6nnen\u201c, meint der Vorsitzende Heinrich Seifert. \u201eMit Oliver Miethke, Lucien Aicher und ihm sind wir jetzt im Vorstand fachlich hervorragend aufgestellt. Der Verein und seine Mitglieder werden davon profitieren.\u201c<\/div>\n<div><\/div>\n<div>FASS Berlin<\/div>\n","protected":false},"excerpt":{"rendered":"<p>Benjamin Grunwald wurde vom Vorstand des F.A.S.S. e.V. Berlin als kommissarischer Jugendwart bestellt. Er wird sich anl\u00e4sslich der f\u00fcr den 22. August 2018 geplanten au\u00dferordentlichen Mitgliederversammlung den Mitgliedern vor- und zur Wahl stellen. Au\u00dferdem verst\u00e4rkt Grunwald als \u201eNachwuchskoordinator\u201c das Trainerteam von FASS. Nach seiner aktiven Laufbahn, die ihn als Torh\u00fcter bis in die DEL (N\u00fcrnberg) [&hellip;]<\/p>\n","protected":false},"author":2,"featured_media":1398,"comment_status":"closed","ping_status":"closed","sticky":false,"template":"","format":"standard","meta":{"_exactmetrics_skip_tracking":false,"_exactmetrics_sitenote_active":false,"_exactmetrics_sitenote_note":"","_exactmetrics_sitenote_category":0,"jetpack_post_was_ever_published":false,"_jetpack_newsletter_access":"","_jetpack_dont_email_post_to_subs":false,"_jetpack_newsletter_tier_id":0,"_jetpack_memberships_contains_paywalled_content":false,"_jetpack_memberships_contains_paid_content":false,"footnotes":"","jetpack_publicize_message":"","jetpack_publicize_feature_enabled":true,"jetpack_social_post_already_shared":false,"jetpack_social_options":{"image_generator_settings":{"template":"highway","default_image_id":0,"font":"","enabled":false},"version":2}},"categories":[179,182,184,181,180,185,183],"tags":[55,225,87,412,413,376],"class_list":["post-1397","post","type-post","status-publish","format-standard","has-post-thumbnail","hentry","category-nachwuchs","category-kleinschueler","category-knaben","category-schueler","category-jugend","category-laufschule","category-kleinstschueler","tag-berlin","tag-blues","tag-ecc","tag-jugendwart","tag-koordinator","tag-nachwuchs"],"jetpack_publicize_connections":[],"jetpack_featured_media_url":"https:\/\/www.fass-berlin.de\/wp-content\/uploads\/2018\/07\/2018-07-21_Grunwald_Benjamin.jpg","jetpack_sharing_enabled":true,"jetpack_shortlink":"https:\/\/wp.me\/paiOCx-mx","jetpack_likes_enabled":true,"jetpack-related-posts":[],"_links":{"self":[{"href":"https:\/\/www.fass-berlin.de\/startseite\/wp-json\/wp\/v2\/posts\/1397","targetHints":{"allow":["GET"]}}],"collection":[{"href":"https:\/\/www.fass-berlin.de\/startseite\/wp-json\/wp\/v2\/posts"}],"about":[{"href":"https:\/\/www.fass-berlin.de\/startseite\/wp-json\/wp\/v2\/types\/post"}],"author":[{"embeddable":true,"href":"https:\/\/www.fass-berlin.de\/startseite\/wp-json\/wp\/v2\/users\/2"}],"replies":[{"embeddable":true,"href":"https:\/\/www.fass-berlin.de\/startseite\/wp-json\/wp\/v2\/comments?post=1397"}],"version-history":[{"count":1,"href":"https:\/\/www.fass-berlin.de\/startseite\/wp-json\/wp\/v2\/posts\/1397\/revisions"}],"predecessor-version":[{"id":1399,"href":"https:\/\/www.fass-berlin.de\/startseite\/wp-json\/wp\/v2\/posts\/1397\/revisions\/1399"}],"wp:featuredmedia":[{"embeddable":true,"href":"https:\/\/www.fass-berlin.de\/startseite\/wp-json\/wp\/v2\/media\/1398"}],"wp:attachment":[{"href":"https:\/\/www.fass-berlin.de\/startseite\/wp-json\/wp\/v2\/media?parent=1397"}],"wp:term":[{"taxonomy":"category","embeddable":true,"href":"https:\/\/www.fass-berlin.de\/startseite\/wp-json\/wp\/v2\/categories?post=1397"},{"taxonomy":"post_tag","embeddable":true,"href":"https:\/\/www.fass-berlin.de\/startseite\/wp-json\/wp\/v2\/tags?post=1397"}],"curies":[{"name":"wp","href":"https:\/\/api.w.org\/{rel}","templated":true}]}}