{"id":1401,"date":"2018-07-09T11:07:39","date_gmt":"2018-07-09T09:07:39","guid":{"rendered":"https:\/\/www.fass-berlin.de\/startseite\/?p=1401"},"modified":"2018-07-21T11:12:11","modified_gmt":"2018-07-21T09:12:11","slug":"drei-mal-28","status":"publish","type":"post","link":"https:\/\/www.fass-berlin.de\/startseite\/2018\/07\/09\/drei-mal-28\/","title":{"rendered":"Drei mal 28"},"content":{"rendered":"<p>FASS Berlin verst\u00e4rkt sich in allen Mannschaftsteilen.\u00a0In der Verteidigung st\u00f6\u00dft\u00a0<strong>Philipp Grunwald<\/strong>\u00a0zum Team. Der 28j\u00e4hrige spielte zuletzt beim Lokalrivalen in Charlottenburg und blickt auf 163 Oberliga- und 24 Regionalliga-Spiele zur\u00fcck. Insgesamt 27 Tore und 72 Assists zeugen davon, dass er sich gerne in das Offensivspiel seiner Mannschaft einschaltet.<\/p>\n<div><\/div>\n<div>Das Goalie-Trio von FASS komplettiert\u00a0<strong>Patrick Hoffmann<\/strong>\u00a0(28), der ebenfalls auf reichlich DNL- und Oberliga-Erfahrung zur\u00fcckblicken kann (Eisb\u00e4ren Juniors, K\u00f6nigsborn, Rostock, Hamm, Timmendorf, ECC) und 2009\/10 im DEL-Kader der Hamburg Freezers stand.<\/div>\n<div><\/div>\n<div>Schlie\u00dflich erg\u00e4nzt\u00a0<strong>Jan Schmidt<\/strong>\u00a0die ohnehin starke Scoring-Abteilung der Weddinger. Wie Hoffmann kommt der 28j\u00e4hrige von den Berlin Blues in den Wedding. Mit 21 Toren und 27 Assists war Schmidt zuletzt zweitbester deutscher Angreifer in der Regionalliga Ost &#8211; hinter Nico Jentzsch und gleichauf mit Patrick Czajka, seinen neuen Teamkollegen. Schmidt ist ein Heimkehrer: Er hat von 2008 bis 2011 f\u00fcr FASS gespielt, ehe er seinerzeit zu den Rostock Piranhas weiterzog.<\/div>\n<div><\/div>\n<div>Trainer Norbert Pascha: \u201eWir werden den Fans im Erika-He\u00df-Eisstadion auch in der kommenden Saison schnelles und attraktives Eishockey bieten. Jan, Philipp und Patrick sollen dabei zu Eckpfeilern werden.\u201c<\/div>\n<div><\/div>\n<div>FASS Berlin<\/div>\n<div>Grafik: Christiane Kuhn<\/div>\n<div>Fotos: SteMi<\/div>\n","protected":false},"excerpt":{"rendered":"<p>FASS Berlin verst\u00e4rkt sich in allen Mannschaftsteilen.\u00a0In der Verteidigung st\u00f6\u00dft\u00a0Philipp Grunwald\u00a0zum Team. Der 28j\u00e4hrige spielte zuletzt beim Lokalrivalen in Charlottenburg und blickt auf 163 Oberliga- und 24 Regionalliga-Spiele zur\u00fcck. Insgesamt 27 Tore und 72 Assists zeugen davon, dass er sich gerne in das Offensivspiel seiner Mannschaft einschaltet. Das Goalie-Trio von FASS komplettiert\u00a0Patrick Hoffmann\u00a0(28), der ebenfalls [&hellip;]<\/p>\n","protected":false},"author":2,"featured_media":1402,"comment_status":"closed","ping_status":"closed","sticky":false,"template":"","format":"standard","meta":{"_exactmetrics_skip_tracking":false,"_exactmetrics_sitenote_active":false,"_exactmetrics_sitenote_note":"","_exactmetrics_sitenote_category":0,"jetpack_post_was_ever_published":false,"_jetpack_newsletter_access":"","_jetpack_dont_email_post_to_subs":false,"_jetpack_newsletter_tier_id":0,"_jetpack_memberships_contains_paywalled_content":false,"_jetpack_memberships_contains_paid_content":false,"footnotes":"","jetpack_publicize_message":"","jetpack_publicize_feature_enabled":true,"jetpack_social_post_already_shared":false,"jetpack_social_options":{"image_generator_settings":{"template":"highway","default_image_id":0,"font":"","enabled":false},"version":2}},"categories":[50],"tags":[225,87,416,415,414,218],"class_list":["post-1401","post","type-post","status-publish","format-standard","has-post-thumbnail","hentry","category-regionalliga-ost","tag-blues","tag-ecc","tag-grunwald","tag-hoffmann","tag-schmidt","tag-verstaerkung"],"jetpack_publicize_connections":[],"jetpack_featured_media_url":"https:\/\/www.fass-berlin.de\/wp-content\/uploads\/2018\/07\/Schiller_Schmidt_WEB1.jpg","jetpack_sharing_enabled":true,"jetpack_shortlink":"https:\/\/wp.me\/paiOCx-mB","jetpack_likes_enabled":true,"jetpack-related-posts":[],"_links":{"self":[{"href":"https:\/\/www.fass-berlin.de\/startseite\/wp-json\/wp\/v2\/posts\/1401","targetHints":{"allow":["GET"]}}],"collection":[{"href":"https:\/\/www.fass-berlin.de\/startseite\/wp-json\/wp\/v2\/posts"}],"about":[{"href":"https:\/\/www.fass-berlin.de\/startseite\/wp-json\/wp\/v2\/types\/post"}],"author":[{"embeddable":true,"href":"https:\/\/www.fass-berlin.de\/startseite\/wp-json\/wp\/v2\/users\/2"}],"replies":[{"embeddable":true,"href":"https:\/\/www.fass-berlin.de\/startseite\/wp-json\/wp\/v2\/comments?post=1401"}],"version-history":[{"count":1,"href":"https:\/\/www.fass-berlin.de\/startseite\/wp-json\/wp\/v2\/posts\/1401\/revisions"}],"predecessor-version":[{"id":1403,"href":"https:\/\/www.fass-berlin.de\/startseite\/wp-json\/wp\/v2\/posts\/1401\/revisions\/1403"}],"wp:featuredmedia":[{"embeddable":true,"href":"https:\/\/www.fass-berlin.de\/startseite\/wp-json\/wp\/v2\/media\/1402"}],"wp:attachment":[{"href":"https:\/\/www.fass-berlin.de\/startseite\/wp-json\/wp\/v2\/media?parent=1401"}],"wp:term":[{"taxonomy":"category","embeddable":true,"href":"https:\/\/www.fass-berlin.de\/startseite\/wp-json\/wp\/v2\/categories?post=1401"},{"taxonomy":"post_tag","embeddable":true,"href":"https:\/\/www.fass-berlin.de\/startseite\/wp-json\/wp\/v2\/tags?post=1401"}],"curies":[{"name":"wp","href":"https:\/\/api.w.org\/{rel}","templated":true}]}}