{"id":1405,"date":"2018-07-26T10:15:21","date_gmt":"2018-07-26T08:15:21","guid":{"rendered":"https:\/\/www.fass-berlin.de\/startseite\/?p=1405"},"modified":"2018-08-04T14:47:25","modified_gmt":"2018-08-04T12:47:25","slug":"fass-legende-bleibt-in-neuer-rolle","status":"publish","type":"post","link":"https:\/\/www.fass-berlin.de\/startseite\/2018\/07\/26\/fass-legende-bleibt-in-neuer-rolle\/","title":{"rendered":"FASS-Legende bleibt &#8211; in neuer Rolle"},"content":{"rendered":"<div>Nach einigen Neuzug\u00e4ngen gibt es auch einen Abgang zu verk\u00fcnden: Lucien Aicher (40) beendet seine Laufbahn in der Ersten Mannschaft von FASS Berlin.<\/div>\n<div><\/div>\n<div>\u201eIch habe die Wahl zum Sportwart des F.A.S.S. e.V. gerne angenommen. Aber die Vorstandsarbeit l\u00e4sst mir einfach nicht die Zeit f\u00fcr den intensiven Trainings- und Spielbetrieb in der Regionalliga\u201c, stellt Aicher fest. Ganz an den Nagel h\u00e4ngen will der Routinier die Schlittschuhe aber nicht. Er schlie\u00dft sich FASS 1c in der Landesliga Berlin an.<\/div>\n<div><\/div>\n<div>Der Ersten Mannschaft von FASS bleibt der Unternehmer au\u00dferdem mit seiner ONASCH GmbH erhalten. Das Heizungs- und Sanit\u00e4runternehmen aus Lichterfelde geht in die dritte Saison als Premium-Sponsor.<\/div>\n<div><\/div>\n<div>Lucien Aicher spielt seit 1999 ununterbrochen f\u00fcr FASS Berlin. 2011 beendete er seine Karriere in der Ersten Mannschaft, die er zehn Jahre lang als Kapit\u00e4n aufs Eis gef\u00fchrt hatte, und wurde Mannschaftskapit\u00e4n von FASS 1b. Nach dem R\u00fcckzug aus der Oberliga Nord und dem Neuanfang im Erika-He\u00df-Eisstadion erkl\u00e4rte sich \u201eSchippe\u201c bereit, eine Saison in der \u201eErsten\u201c dranzuh\u00e4ngen.<\/div>\n<div><\/div>\n<div>Nat\u00fcrlich ist der Mittelst\u00fcrmer Rekordspieler von FASS. In 372 Spielen erzielte er 202 Tore und kam auf 210 Assists bei 782 Strafminuten. Hinzu kommen 81 Spiele f\u00fcr FASS 1b zwischen 2011 und 2017.<\/div>\n<div><\/div>\n<div>Schon am 14. Oktober 2011 wurde sein Trikot mit der Nummer 19 unter das Dach des Erika-He\u00df-Eisstadions im Wedding gezogen. Diese Ehre ist sonst noch keinem FASS-Spieler zuteil geworden. Jetzt muss sich Lucien Aicher auf eine Wiederholung der Prozedur einstellen.<\/div>\n","protected":false},"excerpt":{"rendered":"<p>Nach einigen Neuzug\u00e4ngen gibt es auch einen Abgang zu verk\u00fcnden: Lucien Aicher (40) beendet seine Laufbahn in der Ersten Mannschaft von FASS Berlin. \u201eIch habe die Wahl zum Sportwart des F.A.S.S. e.V. gerne angenommen. Aber die Vorstandsarbeit l\u00e4sst mir einfach nicht die Zeit f\u00fcr den intensiven Trainings- und Spielbetrieb in der Regionalliga\u201c, stellt Aicher fest. [&hellip;]<\/p>\n","protected":false},"author":2,"featured_media":1431,"comment_status":"closed","ping_status":"closed","sticky":false,"template":"","format":"standard","meta":{"_exactmetrics_skip_tracking":false,"_exactmetrics_sitenote_active":false,"_exactmetrics_sitenote_note":"","_exactmetrics_sitenote_category":0,"jetpack_post_was_ever_published":false,"_jetpack_newsletter_access":"","_jetpack_dont_email_post_to_subs":false,"_jetpack_newsletter_tier_id":0,"_jetpack_memberships_contains_paywalled_content":false,"_jetpack_memberships_contains_paid_content":false,"footnotes":"","jetpack_publicize_message":"","jetpack_publicize_feature_enabled":true,"jetpack_social_post_already_shared":false,"jetpack_social_options":{"image_generator_settings":{"template":"highway","default_image_id":0,"font":"","enabled":false},"version":2}},"categories":[1,53],"tags":[418,419,420,417,307],"class_list":["post-1405","post","type-post","status-publish","format-standard","has-post-thumbnail","hentry","category-fass_allgemein","category-landesliga","tag-ehrung","tag-onasch","tag-rekordspieler","tag-sportwart","tag-trikot"],"jetpack_publicize_connections":[],"jetpack_featured_media_url":"https:\/\/www.fass-berlin.de\/wp-content\/uploads\/2018\/08\/PM_2018-07-26_Aicher-1.jpg","jetpack_sharing_enabled":true,"jetpack_shortlink":"https:\/\/wp.me\/paiOCx-mF","jetpack_likes_enabled":true,"jetpack-related-posts":[],"_links":{"self":[{"href":"https:\/\/www.fass-berlin.de\/startseite\/wp-json\/wp\/v2\/posts\/1405","targetHints":{"allow":["GET"]}}],"collection":[{"href":"https:\/\/www.fass-berlin.de\/startseite\/wp-json\/wp\/v2\/posts"}],"about":[{"href":"https:\/\/www.fass-berlin.de\/startseite\/wp-json\/wp\/v2\/types\/post"}],"author":[{"embeddable":true,"href":"https:\/\/www.fass-berlin.de\/startseite\/wp-json\/wp\/v2\/users\/2"}],"replies":[{"embeddable":true,"href":"https:\/\/www.fass-berlin.de\/startseite\/wp-json\/wp\/v2\/comments?post=1405"}],"version-history":[{"count":1,"href":"https:\/\/www.fass-berlin.de\/startseite\/wp-json\/wp\/v2\/posts\/1405\/revisions"}],"predecessor-version":[{"id":1407,"href":"https:\/\/www.fass-berlin.de\/startseite\/wp-json\/wp\/v2\/posts\/1405\/revisions\/1407"}],"wp:featuredmedia":[{"embeddable":true,"href":"https:\/\/www.fass-berlin.de\/startseite\/wp-json\/wp\/v2\/media\/1431"}],"wp:attachment":[{"href":"https:\/\/www.fass-berlin.de\/startseite\/wp-json\/wp\/v2\/media?parent=1405"}],"wp:term":[{"taxonomy":"category","embeddable":true,"href":"https:\/\/www.fass-berlin.de\/startseite\/wp-json\/wp\/v2\/categories?post=1405"},{"taxonomy":"post_tag","embeddable":true,"href":"https:\/\/www.fass-berlin.de\/startseite\/wp-json\/wp\/v2\/tags?post=1405"}],"curies":[{"name":"wp","href":"https:\/\/api.w.org\/{rel}","templated":true}]}}