{"id":17719,"date":"2021-07-29T18:55:19","date_gmt":"2021-07-29T16:55:19","guid":{"rendered":"https:\/\/www.fass-berlin.de\/startseite\/?p=17719"},"modified":"2021-07-29T18:55:19","modified_gmt":"2021-07-29T16:55:19","slug":"kleine-saisoneroeffnung-am-28-august","status":"publish","type":"post","link":"https:\/\/www.fass-berlin.de\/startseite\/2021\/07\/29\/kleine-saisoneroeffnung-am-28-august\/","title":{"rendered":"&#8222;Kleine Saisoner\u00f6ffnung&#8220; am 28. August"},"content":{"rendered":"<p>Der Beginn der Saison 2021\/22 r\u00fcckt n\u00e4her &#8211; und schon in wenigen Wochen haben die Fans die M\u00f6glichkeit, das Regionalliga-Team von FASS Berlin im Rahmen einer &#8222;kleinen Saisoner\u00f6ffnung&#8220; kennenzulernen. Am Samstag, dem 28. August 2021 um 15:00 Uhr treffen wir uns bei unserem Partner SPOK (Nordendstr. 56, 13156 Berlin). F\u00fcr Getr\u00e4nke ist gesorgt, und auch der Grill wird angeworfen.<\/p>\n<p>Auf dem Programm stehen insbesondere die <strong>Vorstellung des Teams 2021\/22<\/strong> und ein <strong>Fu\u00dfballspiel Fans gegen Team<\/strong>. Aber auch drumherum ist f\u00fcr viel Abwechslung gesorgt.<\/p>\n<p>Die Veranstaltung ist f\u00fcr Teilnehmer vorbehalten, die vollst\u00e4ndig geimpft, genesen oder frisch getestet sind. Die entsprechenden Nachweise werden beim Einlass kontrolliert.<\/p>\n","protected":false},"excerpt":{"rendered":"<p>Der Beginn der Saison 2021\/22 r\u00fcckt n\u00e4her &#8211; und schon in wenigen Wochen haben die Fans die M\u00f6glichkeit, das Regionalliga-Team von FASS Berlin im Rahmen einer &#8222;kleinen Saisoner\u00f6ffnung&#8220; kennenzulernen. Am Samstag, dem 28. August 2021 um 15:00 Uhr treffen wir uns bei unserem Partner SPOK (Nordendstr. 56, 13156 Berlin). F\u00fcr Getr\u00e4nke ist gesorgt, und auch [&hellip;]<\/p>\n","protected":false},"author":51,"featured_media":17720,"comment_status":"open","ping_status":"open","sticky":false,"template":"","format":"standard","meta":{"_exactmetrics_skip_tracking":false,"_exactmetrics_sitenote_active":false,"_exactmetrics_sitenote_note":"","_exactmetrics_sitenote_category":0,"jetpack_post_was_ever_published":false,"_jetpack_newsletter_access":"","_jetpack_dont_email_post_to_subs":false,"_jetpack_newsletter_tier_id":0,"_jetpack_memberships_contains_paywalled_content":false,"_jetpack_memberships_contains_paid_content":false,"footnotes":"","jetpack_publicize_message":"","jetpack_publicize_feature_enabled":true,"jetpack_social_post_already_shared":true,"jetpack_social_options":{"image_generator_settings":{"template":"highway","default_image_id":0,"font":"","enabled":false},"version":2}},"categories":[50],"tags":[],"class_list":["post-17719","post","type-post","status-publish","format-standard","has-post-thumbnail","hentry","category-regionalliga-ost"],"jetpack_publicize_connections":[],"jetpack_featured_media_url":"https:\/\/www.fass-berlin.de\/wp-content\/uploads\/2021\/07\/FASS_Titelbild-scaled.jpg","jetpack_sharing_enabled":true,"jetpack_shortlink":"https:\/\/wp.me\/paiOCx-4BN","jetpack_likes_enabled":true,"jetpack-related-posts":[],"_links":{"self":[{"href":"https:\/\/www.fass-berlin.de\/startseite\/wp-json\/wp\/v2\/posts\/17719","targetHints":{"allow":["GET"]}}],"collection":[{"href":"https:\/\/www.fass-berlin.de\/startseite\/wp-json\/wp\/v2\/posts"}],"about":[{"href":"https:\/\/www.fass-berlin.de\/startseite\/wp-json\/wp\/v2\/types\/post"}],"author":[{"embeddable":true,"href":"https:\/\/www.fass-berlin.de\/startseite\/wp-json\/wp\/v2\/users\/51"}],"replies":[{"embeddable":true,"href":"https:\/\/www.fass-berlin.de\/startseite\/wp-json\/wp\/v2\/comments?post=17719"}],"version-history":[{"count":2,"href":"https:\/\/www.fass-berlin.de\/startseite\/wp-json\/wp\/v2\/posts\/17719\/revisions"}],"predecessor-version":[{"id":17722,"href":"https:\/\/www.fass-berlin.de\/startseite\/wp-json\/wp\/v2\/posts\/17719\/revisions\/17722"}],"wp:featuredmedia":[{"embeddable":true,"href":"https:\/\/www.fass-berlin.de\/startseite\/wp-json\/wp\/v2\/media\/17720"}],"wp:attachment":[{"href":"https:\/\/www.fass-berlin.de\/startseite\/wp-json\/wp\/v2\/media?parent=17719"}],"wp:term":[{"taxonomy":"category","embeddable":true,"href":"https:\/\/www.fass-berlin.de\/startseite\/wp-json\/wp\/v2\/categories?post=17719"},{"taxonomy":"post_tag","embeddable":true,"href":"https:\/\/www.fass-berlin.de\/startseite\/wp-json\/wp\/v2\/tags?post=17719"}],"curies":[{"name":"wp","href":"https:\/\/api.w.org\/{rel}","templated":true}]}}