{"id":18317,"date":"2021-09-12T03:01:16","date_gmt":"2021-09-12T01:01:16","guid":{"rendered":"https:\/\/www.fass-berlin.de\/startseite\/?p=18317"},"modified":"2021-10-12T20:08:57","modified_gmt":"2021-10-12T18:08:57","slug":"fass-gewinnt-gegen-fass","status":"publish","type":"post","link":"https:\/\/www.fass-berlin.de\/startseite\/2021\/09\/12\/fass-gewinnt-gegen-fass\/","title":{"rendered":"FASS gewinnt gegen FASS"},"content":{"rendered":"<p>Im Testspiel gegen die Kombination der Landesligateams von FASS gewann die Regionalligamannschaft der Weddinger mit 22:3 (5:1\/7:1\/10:1).<\/p>\n<p>Nach der kurzfristigen Absage der Blues erkl\u00e4rten sich die Landesligateams der Weddinger bereit, in einem Mixteam gegen die Regio anzutreten. 12 Feldspieler und ein Torh\u00fcter konnten auf die Schnelle aufgetrieben werden und so konnte wenigstens ein bisschen getestet werden. Ein Dank geht an die Landesligateams, selbstverst\u00e4ndlich ist ein solchen Verhalten nicht. Die Regio trat mit 18 Feldspielern und zwei Torh\u00fctern an und sie waren nat\u00fcrlich klarer Favorit.<\/p>\n<p>Im Tor der Regio begann Danny Bohn. Die Landesliga \u00fcberraschte den Favoriten, nach 66 Sekunden gelang Henning R\u00f6themeier das 0:1. Nach vier Minuten konnte Daniel Volynec den Ausgleich erzielen. Bis zur ersten Pause konnten in \u00dcberzahl Dennis Merk (7.), Nico Jentzsch (13.) und Gregor Kubail (14., 18.) das Ergebnis auf 5:1 schrauben.<\/p>\n<p>Im zweiten Drittel konnten Philipp Herrmann (22.), Patrick Neugebauer (24.), Louis Noack (26.), Gregor Kubail (28.) auf 9:1 erh\u00f6hen. Die Regio wechselte nach 31 Minuten den Torh\u00fcter, Patrick Hoffmann \u00fcbernahm nun. Zwei Minuten vor der zweiten Pause konnte das Landesligateam erneut jubeln, nach einem Break legte Lucien Aicher auf Maximilian von Helden auf und dieser verwandelte sicher. Das Regioteam antwortete bis zur Pause mit drei Treffern durch Daniel Volynec (39.) und zwei Treffer von Nico Jentzsch (beide 40.).<\/p>\n<p>Zehn Tore erzielte die Regio im letzten Drittel. Philipp Herrmann (45.), Nico Jentzsch (46., 52.), in \u00dcberzahl Niklas Weihrauch (49.), Felix Braun (49.), Dennis Merk (53.), Patrick Czajka (56.), Tom Fiedler (57.), Daniel Kruggel (58.) und Tom Fiedler (59.). F\u00fcr die Landesliga konnte Till Schwitalla nach 52 Minuten einen Treffer erzielen. Die Landesliga kam im gesamten Spiel zu einigen Chancen und das Team k\u00e4mpfte bis zum Ende.<\/p>\n<p>Schiedsrichter: Englisch \u2013 Sauerzapfe, Timofeev<br \/>\nZuschauer: 50<br \/>\nStrafen: FASS 4 (2\/2\/0), FASS 1b\/c 12 (4\/4\/4)<br \/>\nTore:<br \/>\n0:1 (01:06) R\u00f6themeier (Hoshino); 1:1 (03:13) Volynec (Kubail); 2:1 (06:15) Merk (Neugebauer, Wild) PP1; 3:1 (12:38) Jentzsch (Noack, Miethke); 4:1 (13.15) Kubail (Noack); 5:1 (17:54) Kubail (Jentzsch);<br \/>\n6:1 (21:15) Herrmann (Fiedler, Czajka); 6:1 (23:08) Neugebauer (Kubail, Merk) PP1; 8:1 (25:03) Noack (Watzke, Kubail); 9:1 (27:16) Kubail (Czajka, Kruggel); 9:2 (37:59) von Helden (Aicher); 10:2 (38:39) Volynec (Wild, Braun); 11:2 (39:19) Jentzsch (Kubail); 12:2 (39:49) Jentzsch (Noack);<br \/>\n13:2 (44:38) Herrmann (Fiedler, Czajka); 14:2 (45:40) Jentzsch (Czajka); 15:2 (48:02) Weihrauch (Merk, Fiedler) PP1; 16:2 (48:41) Braun (Wild, Volynec); 16:3 (51:02) Schwitalla (von Helden, Aicher); 17:3 (51:18) Jentzsch (Steinbach); 19:3 (55:47) Czajka (Steinbach); 20:3 (56:30) Fiedler (Steinbach, Czajka); 21:3 (57:51) Kruggel (Neugebauer, Weihrauch) PP1; 22:3 (58:07) Fiedler (Merk).<\/p>\n","protected":false},"excerpt":{"rendered":"<p>Im Testspiel gegen die Kombination der Landesligateams von FASS gewann die Regionalligamannschaft der Weddinger mit 22:3 (5:1\/7:1\/10:1). Nach der kurzfristigen Absage der Blues erkl\u00e4rten sich die Landesligateams der Weddinger bereit, in einem Mixteam gegen die Regio anzutreten. 12 Feldspieler und ein Torh\u00fcter konnten auf die Schnelle aufgetrieben werden und so konnte wenigstens ein bisschen getestet [&hellip;]<\/p>\n","protected":false},"author":9,"featured_media":18318,"comment_status":"open","ping_status":"open","sticky":false,"template":"","format":"standard","meta":{"_exactmetrics_skip_tracking":false,"_exactmetrics_sitenote_active":false,"_exactmetrics_sitenote_note":"","_exactmetrics_sitenote_category":0,"jetpack_post_was_ever_published":false,"_jetpack_newsletter_access":"","_jetpack_dont_email_post_to_subs":false,"_jetpack_newsletter_tier_id":0,"_jetpack_memberships_contains_paywalled_content":false,"_jetpack_memberships_contains_paid_content":false,"footnotes":"","jetpack_publicize_message":"","jetpack_publicize_feature_enabled":true,"jetpack_social_post_already_shared":true,"jetpack_social_options":{"image_generator_settings":{"template":"highway","default_image_id":0,"font":"","enabled":false},"version":2}},"categories":[809,50],"tags":[],"class_list":["post-18317","post","type-post","status-publish","format-standard","has-post-thumbnail","hentry","category-landesliga-2","category-regionalliga-ost"],"jetpack_publicize_connections":[],"jetpack_featured_media_url":"https:\/\/www.fass-berlin.de\/wp-content\/uploads\/2021\/09\/G9A0395-scaled.jpg","jetpack_sharing_enabled":true,"jetpack_shortlink":"https:\/\/wp.me\/paiOCx-4Lr","jetpack_likes_enabled":true,"jetpack-related-posts":[],"_links":{"self":[{"href":"https:\/\/www.fass-berlin.de\/startseite\/wp-json\/wp\/v2\/posts\/18317","targetHints":{"allow":["GET"]}}],"collection":[{"href":"https:\/\/www.fass-berlin.de\/startseite\/wp-json\/wp\/v2\/posts"}],"about":[{"href":"https:\/\/www.fass-berlin.de\/startseite\/wp-json\/wp\/v2\/types\/post"}],"author":[{"embeddable":true,"href":"https:\/\/www.fass-berlin.de\/startseite\/wp-json\/wp\/v2\/users\/9"}],"replies":[{"embeddable":true,"href":"https:\/\/www.fass-berlin.de\/startseite\/wp-json\/wp\/v2\/comments?post=18317"}],"version-history":[{"count":4,"href":"https:\/\/www.fass-berlin.de\/startseite\/wp-json\/wp\/v2\/posts\/18317\/revisions"}],"predecessor-version":[{"id":18322,"href":"https:\/\/www.fass-berlin.de\/startseite\/wp-json\/wp\/v2\/posts\/18317\/revisions\/18322"}],"wp:featuredmedia":[{"embeddable":true,"href":"https:\/\/www.fass-berlin.de\/startseite\/wp-json\/wp\/v2\/media\/18318"}],"wp:attachment":[{"href":"https:\/\/www.fass-berlin.de\/startseite\/wp-json\/wp\/v2\/media?parent=18317"}],"wp:term":[{"taxonomy":"category","embeddable":true,"href":"https:\/\/www.fass-berlin.de\/startseite\/wp-json\/wp\/v2\/categories?post=18317"},{"taxonomy":"post_tag","embeddable":true,"href":"https:\/\/www.fass-berlin.de\/startseite\/wp-json\/wp\/v2\/tags?post=18317"}],"curies":[{"name":"wp","href":"https:\/\/api.w.org\/{rel}","templated":true}]}}