{"id":18712,"date":"2021-10-31T02:23:17","date_gmt":"2021-10-31T01:23:17","guid":{"rendered":"https:\/\/www.fass-berlin.de\/startseite\/?p=18712"},"modified":"2021-11-01T13:27:35","modified_gmt":"2021-11-01T12:27:35","slug":"fass-gewinnt-im-fuchsbau","status":"publish","type":"post","link":"https:\/\/www.fass-berlin.de\/startseite\/2021\/10\/31\/fass-gewinnt-im-fuchsbau\/","title":{"rendered":"FASS gewinnt im Fuchsbau"},"content":{"rendered":"<p>FASS beh\u00e4lt in einer hektischen Schlussphase die Nerven und entf\u00fchrt mit einem <a href=\"https:\/\/www.fass-berlin.de\/startseite\/event\/18108\/\">5:8 (1:0, 1:4, 3:4)<\/a> alle drei Punkte aus Wei\u00dfwasser. Die Jungf\u00fcchse boten dem <a href=\"https:\/\/www.fass-berlin.de\/startseite\/regionalliga-ost-2\/regionalliga-ost\/\">Tabellenf\u00fchrer<\/a> einen gro\u00dfen Kampf und waren in den 60 Minuten meist auf Augenh\u00f6he.<\/p>\n<p>Wegen eines kurzfristigen Ausfalls trat FASS nur mit 14+2 Spielern an. Im Angriff schoben <a href=\"https:\/\/www.fass-berlin.de\/startseite\/player\/tom-fiedler\/\">Tom Fiedler<\/a> und <a href=\"https:\/\/www.fass-berlin.de\/startseite\/player\/ludwig-wild\/\">Ludwig Wild<\/a> als Center Extraschichten. Im Tor stand erneut <a href=\"https:\/\/www.fass-berlin.de\/startseite\/player\/danny-bohn\/\">Danny Bohn<\/a>. Im ersten Abschnitt trat Weisswasser schwungvoll auf und erspielte sich leichte Vorteile. Aron Wagner tauchte in der 9. Minute alleine vor Bohn auf und schlenzte die Scheibe mit der R\u00fcckhand zum 1:0 ins rechte Toreck. FASS konnte sich gegen gut stehende Gastgeber nur selten durchsetzen, so dass es dabei nach 20 Minuten blieb.<\/p>\n<p>Zu Beginn des zweiten Drittels kamen die Jungf\u00fcchse erneut zu Solol\u00e4ufen vor das Tor, doch Danny Bohn hielt sein Team mit seinen Saves im Spiel. Dann kam FASS besser ins Spiel und ging mit einem Doppelschlag durch <a href=\"https:\/\/www.fass-berlin.de\/startseite\/player\/nico-jentzsch\/\">Nico Jentzsch<\/a> und <a href=\"https:\/\/www.fass-berlin.de\/startseite\/player\/gregor-kubail\/\">Gregor Kubail<\/a> innerhalb von 10 Sekunden in der 29. Minute mit 1:2 in F\u00fchrung. Nach dem 1:3 durch <a href=\"https:\/\/www.fass-berlin.de\/startseite\/player\/daniel-volynec\/\">Daniel Volynec<\/a> (36.) nutzte Eisebitt f\u00fcr Wei\u00dfwasser einen Fehler in der FASS-Defensive zum Anschlusstreffer (38.), doch nur kurz sp\u00e4ter setzte Ludwig Wild das Spielger\u00e4t mit einem pr\u00e4zisen Schuss in den Winkel. FASS ging mit einer Zwei-Tore-F\u00fchrung in die zweite Pause und hatte phasenweise herausragendes Regionalliga-Eishockey demonstriert.<\/p>\n<p>Zu Beginn des Schlussabschnitts erh\u00f6hten Volynec (41.) und Kubail (44.) schnell auf 2:6, und die Partie schien gelaufen. Doch die Jungf\u00fcchse steckten nicht zur\u00fcck und kamen durch Siegmund (47.), Ladusch (53.) und erneut Siegmund (54.) pl\u00f6tzlich auf 5:6 heran. FASS agierte in dieser Phase unkonzentriert, woraufhin Coach Christopher Scholz eine Auszeit nahm, um den Fokus wiederherzustellen. Entscheidend dann die 55. Minute: Die G\u00e4ste spielten sich gerade aus dem eigenen Drittel heraus, als <a href=\"https:\/\/www.fass-berlin.de\/startseite\/player\/patrick-neugebauer\/\">Patrick Neugebauer<\/a> mit einem Kniecheck niedergestreckt wurde. Seine Mitspieler fuhren den Angriff zu Ende, und Tom Fiedler schloss \u00fcberlegt zum 5:7 ab. Zus\u00e4tzlich wurde der Wei\u00dfwasseraner Miethling mit einer 5+SpD-Strafe unter die Dusche geschickt. Die \u00dcberzahl nutzte erneut Fiedler schnell zum 5:8, womit die Vorentscheidung gefallen war. Leider nahm FASS danach noch einige Strafen. <a href=\"https:\/\/www.fass-berlin.de\/startseite\/player\/kruggel-daniel\/\">Daniel Kruggel<\/a> musste ebenfalls wegen eines Kniechecks vom Eis, und\u00a0auch <a href=\"https:\/\/www.fass-berlin.de\/startseite\/player\/ryan-warttig\/\">Ryan Warttig<\/a> und <a href=\"https:\/\/www.fass-berlin.de\/startseite\/player\/nils-watzke\/\">Nils Watzke<\/a> nahmen noch auf dem S\u00fcnderb\u00e4nkchen Platz. Doch auch gegen drei Berliner kam Wei\u00dfwasser nicht mehr zu einem Torerfolg.<\/p>\n<p>So setzte sich FASS in einem schnellen und intensiven Spiel bei einem starken Gegner durch. N\u00e4chste Woche (Samstag, 06.11.21, 19:00 Uhr, Erika-He\u00df-Eisstadion) gilt es, Leistung und Ergebnis gegen den gleichen Kontrahenten zu best\u00e4tigen.<\/p>\n<p><strong>Tore<\/strong>:<br \/>\n1:0 (08:58) Wagner;<br \/>\n1:1 (28:39) <strong>Jentzsch<\/strong> (Kubail, Wild), 1:2 (28:49) <strong>Kubail<\/strong> (Noack, Merk), 1:3 (35:05) <strong>Volynec<\/strong> (Fiedler), 2:3 (37:41) Eisebitt, 2:4 (38:31) <strong>Wild<\/strong> (Kubail, Volynec);<br \/>\n2:5 (40:26) <strong>Volynec<\/strong> (Kubail), 2:6 (43:10) <strong>Kubail<\/strong> (Volynec, Fiedler), 3:6 (46:27) Siegmund, 4:6 (52:45) Ladusch, 5:6 (53:21) Siegmund, 5:7 (54:19) <strong>Fiedler<\/strong> (Volynec, Neugebauer), 5:8 (54:36) <strong>Fiedler<\/strong> (Jentzsch, Watzke) PP1.<br \/>\n<strong>Schiedsrichter<\/strong>: Pfriem &#8211; Konietzky, Kaulf\u00fcrst.<br \/>\n<strong>Strafen<\/strong>: Wei\u00dfwasser 27, FASS 35.<br \/>\n<strong>Zuschauer<\/strong>: 52.<br \/>\n<strong>Sch\u00fcsse<\/strong>: 41-35.<br \/>\n<strong>Bullys<\/strong>: 35-31.<\/p>\n<p>Foto: Tonie Jahnke<\/p>\n","protected":false},"excerpt":{"rendered":"<p>FASS beh\u00e4lt in einer hektischen Schlussphase die Nerven und entf\u00fchrt mit einem 5:8 (1:0, 1:4, 3:4) alle drei Punkte aus Wei\u00dfwasser. Die Jungf\u00fcchse boten dem Tabellenf\u00fchrer einen gro\u00dfen Kampf und waren in den 60 Minuten meist auf Augenh\u00f6he. Wegen eines kurzfristigen Ausfalls trat FASS nur mit 14+2 Spielern an. Im Angriff schoben Tom Fiedler und [&hellip;]<\/p>\n","protected":false},"author":4,"featured_media":18726,"comment_status":"open","ping_status":"open","sticky":false,"template":"","format":"standard","meta":{"_exactmetrics_skip_tracking":false,"_exactmetrics_sitenote_active":false,"_exactmetrics_sitenote_note":"","_exactmetrics_sitenote_category":0,"jetpack_post_was_ever_published":false,"_jetpack_newsletter_access":"","_jetpack_dont_email_post_to_subs":false,"_jetpack_newsletter_tier_id":0,"_jetpack_memberships_contains_paywalled_content":false,"_jetpack_memberships_contains_paid_content":false,"footnotes":"","jetpack_publicize_message":"","jetpack_publicize_feature_enabled":true,"jetpack_social_post_already_shared":true,"jetpack_social_options":{"image_generator_settings":{"template":"highway","default_image_id":0,"font":"","enabled":false},"version":2}},"categories":[50],"tags":[],"class_list":["post-18712","post","type-post","status-publish","format-standard","has-post-thumbnail","hentry","category-regionalliga-ost"],"jetpack_publicize_connections":[],"jetpack_featured_media_url":"https:\/\/www.fass-berlin.de\/wp-content\/uploads\/2021\/10\/PHOTO-2021-11-01-12-54-35-e1635769569721.jpg","jetpack_sharing_enabled":true,"jetpack_shortlink":"https:\/\/wp.me\/paiOCx-4RO","jetpack_likes_enabled":true,"jetpack-related-posts":[],"_links":{"self":[{"href":"https:\/\/www.fass-berlin.de\/startseite\/wp-json\/wp\/v2\/posts\/18712","targetHints":{"allow":["GET"]}}],"collection":[{"href":"https:\/\/www.fass-berlin.de\/startseite\/wp-json\/wp\/v2\/posts"}],"about":[{"href":"https:\/\/www.fass-berlin.de\/startseite\/wp-json\/wp\/v2\/types\/post"}],"author":[{"embeddable":true,"href":"https:\/\/www.fass-berlin.de\/startseite\/wp-json\/wp\/v2\/users\/4"}],"replies":[{"embeddable":true,"href":"https:\/\/www.fass-berlin.de\/startseite\/wp-json\/wp\/v2\/comments?post=18712"}],"version-history":[{"count":10,"href":"https:\/\/www.fass-berlin.de\/startseite\/wp-json\/wp\/v2\/posts\/18712\/revisions"}],"predecessor-version":[{"id":18727,"href":"https:\/\/www.fass-berlin.de\/startseite\/wp-json\/wp\/v2\/posts\/18712\/revisions\/18727"}],"wp:featuredmedia":[{"embeddable":true,"href":"https:\/\/www.fass-berlin.de\/startseite\/wp-json\/wp\/v2\/media\/18726"}],"wp:attachment":[{"href":"https:\/\/www.fass-berlin.de\/startseite\/wp-json\/wp\/v2\/media?parent=18712"}],"wp:term":[{"taxonomy":"category","embeddable":true,"href":"https:\/\/www.fass-berlin.de\/startseite\/wp-json\/wp\/v2\/categories?post=18712"},{"taxonomy":"post_tag","embeddable":true,"href":"https:\/\/www.fass-berlin.de\/startseite\/wp-json\/wp\/v2\/tags?post=18712"}],"curies":[{"name":"wp","href":"https:\/\/api.w.org\/{rel}","templated":true}]}}