{"id":19176,"date":"2022-03-11T23:04:21","date_gmt":"2022-03-11T22:04:21","guid":{"rendered":"https:\/\/www.fass-berlin.de\/startseite\/?p=19176"},"modified":"2022-03-11T23:04:21","modified_gmt":"2022-03-11T22:04:21","slug":"zurueck-in-die-erfolgsspur","status":"publish","type":"post","link":"https:\/\/www.fass-berlin.de\/startseite\/2022\/03\/11\/zurueck-in-die-erfolgsspur\/","title":{"rendered":"Zur\u00fcck in die Erfolgsspur?"},"content":{"rendered":"<p>Ein wichtiges Wochenende f\u00fcr Headcoach Christopher Scholz und sein Team: Gleich zweimal ist FASS Berlin gefordert, und Ziel ist es, den Weg zur\u00fcck in die Erfolgsspur zu finden. Am Samstag (12.03.22) geht es zun\u00e4chst nach Wei\u00dfwasser, wo die Jungf\u00fcchse auf die Nordberliner warten. <strong>Am Sonntag (13.03.22) geht es dann um 13:30 Uhr im Erika-He\u00df-Eisstadion weiter, wenn der ESC Dresden seine Visitenkarte abgibt.<\/strong><\/p>\n<p>Wei\u00dfwasser k\u00e4mpft um seine letzte Chance, noch die Play-offs zu erreichen, und muss unbedingt die drei Punkte holen. Doch FASS hat nichts zu verschenken, will man in Schlagdistanz zu den Sch\u00f6nheider W\u00f6lfen bleiben, die am vergangenen Wochenende die Tabellenspitze \u00fcbernommen haben. Die Situation im Kader hat sich etwas entspannt, denn mit <a href=\"https:\/\/www.fass-berlin.de\/startseite\/player\/eickmann-sebastian\/\">Sebastian Eickmann<\/a>, <a href=\"https:\/\/www.fass-berlin.de\/startseite\/player\/marvin-miethke\/\">Marvin Miethke<\/a>, <a href=\"https:\/\/www.fass-berlin.de\/startseite\/player\/patrick-neugebauer\/\">Patrick Neugebauer <\/a>(Verteidigung),\u00a0<a href=\"https:\/\/www.fass-berlin.de\/startseite\/player\/dennis-merk\/\">Dennis Merk<\/a>, <a href=\"https:\/\/www.fass-berlin.de\/startseite\/player\/luis-noack\/\">Luis Noack<\/a> und <a href=\"https:\/\/www.fass-berlin.de\/startseite\/player\/daniel-volynec\/\">Daniel Volynec<\/a>\u00a0(Angriff) kehren gleich sechs Spieler ins Line-up zur\u00fcck, die zuletzt gefehlt haben. Daf\u00fcr muss FASS wahrscheinlich auf Kapit\u00e4n Nils Watzke, Philipp Grunwald und Richard Jansson verzichten. &#8222;Es ist nat\u00fcrlich nicht optimal, dass wir uns kurz vor den Play-offs nicht richtig einspielen k\u00f6nnen&#8220;, meint Scholz. &#8222;Aber wir nehmen es wie es kommt.&#8220; Die 1:5 (0:2, 0:3, 1:0)-Niederlage gegen Chemnitz wurde mannschaftsintern aufgearbeitet. &#8222;An diesem Wochenende werden wir uns anders pr\u00e4sentieren, das ist klar&#8220;, gibt der Coach die Richtung vor.<\/p>\n<p>Das Spiel am Sonntag gegen Dresden, das vom Premium-Partner BAYER pr\u00e4sentiert wird, ist das letzte Heimspiel der Hauptrunde. Die Tageskasse \u00f6ffnet um 12:30 Uhr. Der Eintritt kostet 6 Euro (VIP-Tagesticket: 15 Euro). <a href=\"https:\/\/www.fass-berlin.de\/startseite\/regionalliga-ost-2\/schutz-und-hygienekonzept\/\">Es gilt die 3G-Regel<\/a>.<\/p>\n<p>Eine Woche sp\u00e4ter geht es noch nach Sch\u00f6nheide, wo wohl die Entscheidung fallen wird, wer als Nummer 1 in die Play-offs geht und damit den Heimvorteil in Halbfinale und Finale genie\u00dfen w\u00fcrde.<\/p>\n<h5>Play-offs ab 25.03.22<\/h5>\n<p>Die Play-offs beginnen f\u00fcr FASS auf jeden Fall mit einem Heimspiel am Freitag, dem 25.03.22 um 19:30 Uhr. Leider m\u00fcssen die Weddinger zu diesem Spiel in die Eissporthalle Charlottenburg ausweichen, weil im Erika-He\u00df-Eisstadion eine Eiskunstlauf-Veranstaltung stattfindet. Am 27.03.22 geht es dann ausw\u00e4rts weiter, bevor ein m\u00f6glicherweise notwendiges drittes Halbfinalspiel am Freitag, dem 01.04.22 um 19:30 Uhr im Erika-He\u00df-Eisstadion stattfinden w\u00fcrde. M\u00f6gliche Gegner im Halbfinale sind die Chemnitz Crashers, die Eisb\u00e4ren Juniors und der ES Wei\u00dfwasser.<\/p>\n<p>Falls es ins Finale geht, w\u00e4ren die Spieltermine der 03.04., der 08.04. und der 10.04.22.<\/p>\n<p>Foto: Alexandra Bohn<\/p>\n","protected":false},"excerpt":{"rendered":"<p>Ein wichtiges Wochenende f\u00fcr Headcoach Christopher Scholz und sein Team: Gleich zweimal ist FASS Berlin gefordert, und Ziel ist es, den Weg zur\u00fcck in die Erfolgsspur zu finden. Am Samstag (12.03.22) geht es zun\u00e4chst nach Wei\u00dfwasser, wo die Jungf\u00fcchse auf die Nordberliner warten. Am Sonntag (13.03.22) geht es dann um 13:30 Uhr im Erika-He\u00df-Eisstadion weiter, [&hellip;]<\/p>\n","protected":false},"author":4,"featured_media":19177,"comment_status":"open","ping_status":"open","sticky":false,"template":"","format":"standard","meta":{"_exactmetrics_skip_tracking":false,"_exactmetrics_sitenote_active":false,"_exactmetrics_sitenote_note":"","_exactmetrics_sitenote_category":0,"jetpack_post_was_ever_published":false,"_jetpack_newsletter_access":"","_jetpack_dont_email_post_to_subs":false,"_jetpack_newsletter_tier_id":0,"_jetpack_memberships_contains_paywalled_content":false,"_jetpack_memberships_contains_paid_content":false,"footnotes":"","jetpack_publicize_message":"","jetpack_publicize_feature_enabled":true,"jetpack_social_post_already_shared":true,"jetpack_social_options":{"image_generator_settings":{"template":"highway","default_image_id":0,"font":"","enabled":false},"version":2}},"categories":[50],"tags":[],"class_list":["post-19176","post","type-post","status-publish","format-standard","has-post-thumbnail","hentry","category-regionalliga-ost"],"jetpack_publicize_connections":[],"jetpack_featured_media_url":"https:\/\/www.fass-berlin.de\/wp-content\/uploads\/2022\/03\/246375226_260008876141281_1134628316487580673_n-e1647035701349.jpg","jetpack_sharing_enabled":true,"jetpack_shortlink":"https:\/\/wp.me\/paiOCx-4Zi","jetpack_likes_enabled":true,"jetpack-related-posts":[],"_links":{"self":[{"href":"https:\/\/www.fass-berlin.de\/startseite\/wp-json\/wp\/v2\/posts\/19176","targetHints":{"allow":["GET"]}}],"collection":[{"href":"https:\/\/www.fass-berlin.de\/startseite\/wp-json\/wp\/v2\/posts"}],"about":[{"href":"https:\/\/www.fass-berlin.de\/startseite\/wp-json\/wp\/v2\/types\/post"}],"author":[{"embeddable":true,"href":"https:\/\/www.fass-berlin.de\/startseite\/wp-json\/wp\/v2\/users\/4"}],"replies":[{"embeddable":true,"href":"https:\/\/www.fass-berlin.de\/startseite\/wp-json\/wp\/v2\/comments?post=19176"}],"version-history":[{"count":2,"href":"https:\/\/www.fass-berlin.de\/startseite\/wp-json\/wp\/v2\/posts\/19176\/revisions"}],"predecessor-version":[{"id":19179,"href":"https:\/\/www.fass-berlin.de\/startseite\/wp-json\/wp\/v2\/posts\/19176\/revisions\/19179"}],"wp:featuredmedia":[{"embeddable":true,"href":"https:\/\/www.fass-berlin.de\/startseite\/wp-json\/wp\/v2\/media\/19177"}],"wp:attachment":[{"href":"https:\/\/www.fass-berlin.de\/startseite\/wp-json\/wp\/v2\/media?parent=19176"}],"wp:term":[{"taxonomy":"category","embeddable":true,"href":"https:\/\/www.fass-berlin.de\/startseite\/wp-json\/wp\/v2\/categories?post=19176"},{"taxonomy":"post_tag","embeddable":true,"href":"https:\/\/www.fass-berlin.de\/startseite\/wp-json\/wp\/v2\/tags?post=19176"}],"curies":[{"name":"wp","href":"https:\/\/api.w.org\/{rel}","templated":true}]}}