{"id":19397,"date":"2022-05-14T18:26:19","date_gmt":"2022-05-14T16:26:19","guid":{"rendered":"https:\/\/www.fass-berlin.de\/startseite\/?p=19397"},"modified":"2022-05-18T11:25:18","modified_gmt":"2022-05-18T09:25:18","slug":"zwei-brueder-fuer-fass","status":"publish","type":"post","link":"https:\/\/www.fass-berlin.de\/startseite\/2022\/05\/14\/zwei-brueder-fuer-fass\/","title":{"rendered":"Zwei Br\u00fcder f\u00fcr FASS"},"content":{"rendered":"<p>Nach der Saison ist vor der Saison &#8211; und so laufen nat\u00fcrlich auch beim Vizemeister FASS Berlin die Planungen f\u00fcr die Spielzeit 2022\/23 auf Hochtouren. Immerhin steht eine Jubil\u00e4umssaison an: Im Dezember 1962 wurde der Verein gegr\u00fcndet, und im Sommer 1972 ging die Eishockeyabteilung an den Start. Klar, dass anl\u00e4sslich der Feierlichkeiten auch sportlich der maximale Erfolg angestrebt wird.<\/p>\n<p>Im Kader von Headcoach Christopher Scholz gibt es erste Meldungen, n\u00e4mlich eine Verl\u00e4ngerung und ein Neuzugang. <a href=\"https:\/\/www.fass-berlin.de\/startseite\/player\/ryan-warttig\/\">Ryan Warttig<\/a> geht in seine insgesamt vierte Saison f\u00fcr die Weddinger. Der 24j\u00e4hrige sammelte bei den Eisb\u00e4ren Juniors DNL-Erfahrung und ging zwischen 2014 und 2016 im Rahmen der damaligen Kooperation f\u00fcr FASS aufs Eis. Danach ging es in die DNL2 zu den Lausitzer F\u00fcchsen, wo er \u00fcber 100 Spiele absolvierte. Bei den Crocodiles Hamburg und den Icefighters Leipzig lief Ryan in der Oberliga Nord auf. Allerdings ereilte ihn das Verletzungspech, und er kehrte nach Berlin zur\u00fcck, um bei FASS einen Neuanfang zu machen. Der Zwei-Wege-Spieler wurde meist in der Defensive eingesetzt, wo er sich prima zurechtfand.<\/p>\n<p>Allerdings ist fraglich, ob er seine angestammte R\u00fcckennummer 98 behalten kann, denn sein drei Jahre j\u00fcngerer Bruder <strong>Ron Warttig<\/strong> wechselt aus Hohensch\u00f6nhausen in den Wedding. Auch Ron war in der DNL f\u00fcr den Eisb\u00e4ren Juniors aktiv, blieb dann aber im Verein und stand in den drei letzten Spielzeiten in deren Regionalliga-Team. &#8222;Ron ist ein schneller und einsatzfreudiger Angreifer, der seinen Gegenspieler auch mal ziemlich nerven kann&#8220;, meint Scholz. &#8222;Seine Qualit\u00e4ten bringen uns sicher weiter.&#8220;<\/p>\n<p>Pr\u00e4sentiert werden Ryan und Ron Warttig von unserem langj\u00e4hrigen Partner APROSPORTS. Die Fitness-Experten werden in diesem Jahr zu einem abwechslungsreichen und intensiven Sommertraining beitragen.<\/p>\n<p>Foto: Alexandra Bohn<\/p>\n","protected":false},"excerpt":{"rendered":"<p>Nach der Saison ist vor der Saison &#8211; und so laufen nat\u00fcrlich auch beim Vizemeister FASS Berlin die Planungen f\u00fcr die Spielzeit 2022\/23 auf Hochtouren. Immerhin steht eine Jubil\u00e4umssaison an: Im Dezember 1962 wurde der Verein gegr\u00fcndet, und im Sommer 1972 ging die Eishockeyabteilung an den Start. Klar, dass anl\u00e4sslich der Feierlichkeiten auch sportlich der [&hellip;]<\/p>\n","protected":false},"author":15,"featured_media":18598,"comment_status":"open","ping_status":"open","sticky":false,"template":"","format":"standard","meta":{"_exactmetrics_skip_tracking":false,"_exactmetrics_sitenote_active":false,"_exactmetrics_sitenote_note":"","_exactmetrics_sitenote_category":0,"jetpack_post_was_ever_published":false,"_jetpack_newsletter_access":"","_jetpack_dont_email_post_to_subs":false,"_jetpack_newsletter_tier_id":0,"_jetpack_memberships_contains_paywalled_content":false,"_jetpack_memberships_contains_paid_content":false,"footnotes":"","jetpack_publicize_message":"","jetpack_publicize_feature_enabled":true,"jetpack_social_post_already_shared":true,"jetpack_social_options":{"image_generator_settings":{"template":"highway","default_image_id":0,"font":"","enabled":false},"version":2}},"categories":[50],"tags":[],"class_list":["post-19397","post","type-post","status-publish","format-standard","has-post-thumbnail","hentry","category-regionalliga-ost"],"jetpack_publicize_connections":[],"jetpack_featured_media_url":"https:\/\/www.fass-berlin.de\/wp-content\/uploads\/2021\/10\/G9A2358-scaled.jpg","jetpack_sharing_enabled":true,"jetpack_shortlink":"https:\/\/wp.me\/paiOCx-52R","jetpack_likes_enabled":true,"jetpack-related-posts":[],"_links":{"self":[{"href":"https:\/\/www.fass-berlin.de\/startseite\/wp-json\/wp\/v2\/posts\/19397","targetHints":{"allow":["GET"]}}],"collection":[{"href":"https:\/\/www.fass-berlin.de\/startseite\/wp-json\/wp\/v2\/posts"}],"about":[{"href":"https:\/\/www.fass-berlin.de\/startseite\/wp-json\/wp\/v2\/types\/post"}],"author":[{"embeddable":true,"href":"https:\/\/www.fass-berlin.de\/startseite\/wp-json\/wp\/v2\/users\/15"}],"replies":[{"embeddable":true,"href":"https:\/\/www.fass-berlin.de\/startseite\/wp-json\/wp\/v2\/comments?post=19397"}],"version-history":[{"count":4,"href":"https:\/\/www.fass-berlin.de\/startseite\/wp-json\/wp\/v2\/posts\/19397\/revisions"}],"predecessor-version":[{"id":19401,"href":"https:\/\/www.fass-berlin.de\/startseite\/wp-json\/wp\/v2\/posts\/19397\/revisions\/19401"}],"wp:featuredmedia":[{"embeddable":true,"href":"https:\/\/www.fass-berlin.de\/startseite\/wp-json\/wp\/v2\/media\/18598"}],"wp:attachment":[{"href":"https:\/\/www.fass-berlin.de\/startseite\/wp-json\/wp\/v2\/media?parent=19397"}],"wp:term":[{"taxonomy":"category","embeddable":true,"href":"https:\/\/www.fass-berlin.de\/startseite\/wp-json\/wp\/v2\/categories?post=19397"},{"taxonomy":"post_tag","embeddable":true,"href":"https:\/\/www.fass-berlin.de\/startseite\/wp-json\/wp\/v2\/tags?post=19397"}],"curies":[{"name":"wp","href":"https:\/\/api.w.org\/{rel}","templated":true}]}}