{"id":19518,"date":"2022-08-20T14:35:15","date_gmt":"2022-08-20T12:35:15","guid":{"rendered":"https:\/\/www.fass-berlin.de\/startseite\/?p=19518"},"modified":"2022-08-20T14:35:15","modified_gmt":"2022-08-20T12:35:15","slug":"danke-maedels-fuenf-abgaenge-bei-den-frauen","status":"publish","type":"post","link":"https:\/\/www.fass-berlin.de\/startseite\/2022\/08\/20\/danke-maedels-fuenf-abgaenge-bei-den-frauen\/","title":{"rendered":"Danke M\u00e4dels \u2013 F\u00fcnf Abg\u00e4nge bei den Frauen"},"content":{"rendered":"<p>Zu den Planungen einer Saison geh\u00f6rt es auch Abg\u00e4nge hinzunehmen und zu ersetzen. Und nat\u00fcrlich geh\u00f6rt es sich, die Abg\u00e4nge zu verabschieden.<\/p>\n<p>Neben den beiden Abg\u00e4ngen in die DFEL gibt es f\u00fcnf weitere Spielerinnen, die uns in der kommenden Saison leider nicht mehr zur Verf\u00fcgung stehen. Und so sagen wir Danke an:<\/p>\n<ul>\n<li>Torh\u00fcterin <strong>Stefanie Meyer<\/strong> kam in der Premierensaison auf einen Einsatz.<\/li>\n<li>Leider kein Spiel bestritten hat <strong>Melina Maack<\/strong>, dennoch war nat\u00fcrlich auch sie ein Teil des Teams.<\/li>\n<li>Auf sieben Eins\u00e4tze mit einem Treffer kam <strong>Luisa Olivera Mei\u00dfen<\/strong>.<\/li>\n<li><strong>Lilly Schrey<\/strong> war in f\u00fcnf Spielen mit dabei. Zwei Vorlagen waren ihre Ausbeute.<\/li>\n<li>Zwei Tore und zwei Vorlagen steuerte <strong>Miriam Weigel<\/strong> zum Meisterschaftsgewinn bei. Sie absolvierte vier Spiele f\u00fcr das Team.<\/li>\n<\/ul>\n<p>Alle f\u00fcnf haben uns in der Premierensaison geholfen, stehen uns aber aus unterschiedlichen Gr\u00fcnden leider nicht mehr zur Verf\u00fcgung. Wir bedanken uns recht herzlich bei Euch und wir w\u00fcnschen Euch f\u00fcr die Zukunft alles Gute. Der ein oder andere Weg wird sich bestimmt noch in irgendeiner Eishalle kreuzen.<\/p>\n<p>Noppe in Zusammenarbeit mit Vanessa Gasde f\u00fcr FASS Berlin Frauen<\/p>\n","protected":false},"excerpt":{"rendered":"<p>Zu den Planungen einer Saison geh\u00f6rt es auch Abg\u00e4nge hinzunehmen und zu ersetzen. Und nat\u00fcrlich geh\u00f6rt es sich, die Abg\u00e4nge zu verabschieden. Neben den beiden Abg\u00e4ngen in die DFEL gibt es f\u00fcnf weitere Spielerinnen, die uns in der kommenden Saison leider nicht mehr zur Verf\u00fcgung stehen. Und so sagen wir Danke an: Torh\u00fcterin Stefanie Meyer [&hellip;]<\/p>\n","protected":false},"author":9,"featured_media":19519,"comment_status":"open","ping_status":"open","sticky":false,"template":"","format":"standard","meta":{"_exactmetrics_skip_tracking":false,"_exactmetrics_sitenote_active":false,"_exactmetrics_sitenote_note":"","_exactmetrics_sitenote_category":0,"jetpack_post_was_ever_published":false,"_jetpack_newsletter_access":"","_jetpack_dont_email_post_to_subs":false,"_jetpack_newsletter_tier_id":0,"_jetpack_memberships_contains_paywalled_content":false,"_jetpack_memberships_contains_paid_content":false,"footnotes":"","jetpack_publicize_message":"","jetpack_publicize_feature_enabled":true,"jetpack_social_post_already_shared":true,"jetpack_social_options":{"image_generator_settings":{"template":"highway","default_image_id":0,"font":"","enabled":false},"version":2}},"categories":[853],"tags":[],"class_list":["post-19518","post","type-post","status-publish","format-standard","has-post-thumbnail","hentry","category-frauen"],"jetpack_publicize_connections":[],"jetpack_featured_media_url":"https:\/\/www.fass-berlin.de\/wp-content\/uploads\/2022\/08\/f-meister-Kopie-scaled.jpeg","jetpack_sharing_enabled":true,"jetpack_shortlink":"https:\/\/wp.me\/paiOCx-54O","jetpack_likes_enabled":true,"jetpack-related-posts":[],"_links":{"self":[{"href":"https:\/\/www.fass-berlin.de\/startseite\/wp-json\/wp\/v2\/posts\/19518","targetHints":{"allow":["GET"]}}],"collection":[{"href":"https:\/\/www.fass-berlin.de\/startseite\/wp-json\/wp\/v2\/posts"}],"about":[{"href":"https:\/\/www.fass-berlin.de\/startseite\/wp-json\/wp\/v2\/types\/post"}],"author":[{"embeddable":true,"href":"https:\/\/www.fass-berlin.de\/startseite\/wp-json\/wp\/v2\/users\/9"}],"replies":[{"embeddable":true,"href":"https:\/\/www.fass-berlin.de\/startseite\/wp-json\/wp\/v2\/comments?post=19518"}],"version-history":[{"count":1,"href":"https:\/\/www.fass-berlin.de\/startseite\/wp-json\/wp\/v2\/posts\/19518\/revisions"}],"predecessor-version":[{"id":19520,"href":"https:\/\/www.fass-berlin.de\/startseite\/wp-json\/wp\/v2\/posts\/19518\/revisions\/19520"}],"wp:featuredmedia":[{"embeddable":true,"href":"https:\/\/www.fass-berlin.de\/startseite\/wp-json\/wp\/v2\/media\/19519"}],"wp:attachment":[{"href":"https:\/\/www.fass-berlin.de\/startseite\/wp-json\/wp\/v2\/media?parent=19518"}],"wp:term":[{"taxonomy":"category","embeddable":true,"href":"https:\/\/www.fass-berlin.de\/startseite\/wp-json\/wp\/v2\/categories?post=19518"},{"taxonomy":"post_tag","embeddable":true,"href":"https:\/\/www.fass-berlin.de\/startseite\/wp-json\/wp\/v2\/tags?post=19518"}],"curies":[{"name":"wp","href":"https:\/\/api.w.org\/{rel}","templated":true}]}}