{"id":20158,"date":"2022-11-26T21:20:38","date_gmt":"2022-11-26T20:20:38","guid":{"rendered":"https:\/\/www.fass-berlin.de\/startseite\/?p=20158"},"modified":"2022-12-03T14:52:42","modified_gmt":"2022-12-03T13:52:42","slug":"fass-verliert-anschluss","status":"publish","type":"post","link":"https:\/\/www.fass-berlin.de\/startseite\/2022\/11\/26\/fass-verliert-anschluss\/","title":{"rendered":"FASS verliert Anschluss"},"content":{"rendered":"<p>Auch in Sch\u00f6nheide gab es f\u00fcr FASS Berlin nichts zu holen: Bei den W\u00f6lfen gab es eine <a href=\"https:\/\/www.fass-berlin.de\/startseite\/event\/19603\/\">7:2 (4:0, 0:1, 3:1)-Niederlage<\/a>. Damit setzt sich Sch\u00f6nheide an der Spitze ab, w\u00e4hrend es f\u00fcr FASS in den kommenden Wochen darum gehen wird, den zweiten Rang zu stabilisieren.<\/p>\n<p>Beide Mannschaften waren personell stark ausged\u00fcnnt. Neben den langzeitverletzten Grunwald, Warttig, Wild und Jentzsch fehlten FASS im Vergleich zur Vorwoche Eickmann, Neugebauer, Czajka und K\u00fcbler. Kurz vor Spielbeginn musste Goalie Hoffmann passen, so dass <a href=\"https:\/\/www.fass-berlin.de\/startseite\/player\/danny-bohn\/\">Danny Bohn<\/a> im Kasten stand.<\/p>\n<p>Anders als bei der Heimniederlage vor Wochenfrist t\u00e4uscht das Ergebnis \u00fcber den Spielverlauf hinweg. Dies gilt besonders f\u00fcr das erste Drittel, das trotz weitgehend ausgeglichenem Spielverlauf mit 4:0 f\u00fcr die Gastgeber endete. W\u00e4hrend die Berliner ihre Chancen nicht nutzten, nahmen die W\u00f6lfe die &#8222;Angebote&#8220; konsequent an.<\/p>\n<p>Im zweiten Drittel spielte das Team von Headcoach Christopher Scholz dann Power-Eishockey und schn\u00fcrte die Gastgeber phasenweise in deren Verteidigungsdrittel ein. Nun gab es Gro\u00dfchancen im Minutentakt, doch war Torh\u00fcter Stark kaum zu bezwingen. So scheiterte <a href=\"https:\/\/www.fass-berlin.de\/startseite\/player\/daniel-volynec\/\">Daniel Volynec<\/a> in der 28. Minute gleich dreimal am Torsteher. Auch eine Auszeit der Sch\u00f6nheider konnte die Nordberliner nicht bremsen, f\u00fcr die <a href=\"https:\/\/www.fass-berlin.de\/startseite\/player\/stefan-freunschlag\/\">Stefan Freunschlag<\/a> in der 34. Minute endlich traf. Ein weiterer Treffer wollte nicht gelingen.<\/p>\n<p>Gleich zu Beginn des Schlussdrittels erzielten die W\u00f6lfe das 5:1, was ihnen die Sicherheit zur\u00fcckgab. FASS spielte weiter mit zwei Reihen, konnte aber trotz aller Anstrengungen nicht mehr herankommen. Lediglich ein \u00dcberzahltreffer durch Kapit\u00e4n <a href=\"https:\/\/www.fass-berlin.de\/startseite\/player\/tom-fiedler\/\">Tom Fiedler<\/a> (46.) sprang noch heraus. So war die Partie sp\u00e4testens nach dem Tor von Gl\u00fcck (49.) gelaufen. Wie schon im ersten Spiel nahm FASS in den Schlussminuten den Keeper vom Eis, was Piehler elf Sekunden vor dem Ende zu einem Empty-netter verwertete.<\/p>\n<p>Am kommenden Wochenende geht es f\u00fcr die Berliner ins Nieskyer Waldstadion. Nat\u00fcrlich ist die Hoffnung, dass sich die personelle Situation bis dahin wieder verbessert.<\/p>\n<p><strong>FASS<\/strong>: Bohn (Hoffmann) &#8211; Miethke, Prei\u00df; Pilz, Babinsky; Levin &#8211; Freunschlag, Fiedler, Merk; Volynec, Kubail, Braun; Weihrauch, Hermann.<br \/>\n<strong>Tore<\/strong>:<br \/>\n1:0 (05:08) Meixner, 2:0 (05:33) Richter, 3:0 (16:23) Seidel, 4:0 (19:30) Gl\u00fcck PP1;<br \/>\n4:1 (33:47) <strong>Freunschlag<\/strong> (Fiedler, Babinsky);<br \/>\n5:1 (41:01) Richter, 5:2 (45:06) <strong>Fiedler<\/strong> (Pilz, Kubail) PP1, 6:2 (48:24) Gl\u00fcck, 7:2 (59:49) Piehler ENG.<br \/>\n<strong>Schiedsrichter<\/strong>: Noeller &#8211; H\u00f6ppner, Lindner.<br \/>\n<strong>Strafen<\/strong>: Sch\u00f6nheide 10, FASS 8.<br \/>\n<strong>Zuschauer<\/strong>: 279.<br \/>\n<strong>Sch\u00fcsse<\/strong>: 31-42.<br \/>\n<strong>Face-off<\/strong>: 28-43.<\/p>\n<p>Foto: Sinah Scholz<\/p>\n","protected":false},"excerpt":{"rendered":"<p>Auch in Sch\u00f6nheide gab es f\u00fcr FASS Berlin nichts zu holen: Bei den W\u00f6lfen gab es eine 7:2 (4:0, 0:1, 3:1)-Niederlage. Damit setzt sich Sch\u00f6nheide an der Spitze ab, w\u00e4hrend es f\u00fcr FASS in den kommenden Wochen darum gehen wird, den zweiten Rang zu stabilisieren. Beide Mannschaften waren personell stark ausged\u00fcnnt. Neben den langzeitverletzten Grunwald, [&hellip;]<\/p>\n","protected":false},"author":15,"featured_media":20159,"comment_status":"open","ping_status":"open","sticky":false,"template":"","format":"standard","meta":{"_exactmetrics_skip_tracking":false,"_exactmetrics_sitenote_active":false,"_exactmetrics_sitenote_note":"","_exactmetrics_sitenote_category":0,"jetpack_post_was_ever_published":false,"_jetpack_newsletter_access":"","_jetpack_dont_email_post_to_subs":false,"_jetpack_newsletter_tier_id":0,"_jetpack_memberships_contains_paywalled_content":false,"_jetpack_memberships_contains_paid_content":false,"footnotes":"","jetpack_publicize_message":"","jetpack_publicize_feature_enabled":true,"jetpack_social_post_already_shared":true,"jetpack_social_options":{"image_generator_settings":{"template":"highway","default_image_id":0,"font":"","enabled":false},"version":2}},"categories":[50],"tags":[],"class_list":["post-20158","post","type-post","status-publish","format-standard","has-post-thumbnail","hentry","category-regionalliga-ost"],"jetpack_publicize_connections":[],"jetpack_featured_media_url":"https:\/\/www.fass-berlin.de\/wp-content\/uploads\/2022\/11\/@Schoenheide.jpg","jetpack_sharing_enabled":true,"jetpack_shortlink":"https:\/\/wp.me\/paiOCx-5f8","jetpack_likes_enabled":true,"jetpack-related-posts":[],"_links":{"self":[{"href":"https:\/\/www.fass-berlin.de\/startseite\/wp-json\/wp\/v2\/posts\/20158","targetHints":{"allow":["GET"]}}],"collection":[{"href":"https:\/\/www.fass-berlin.de\/startseite\/wp-json\/wp\/v2\/posts"}],"about":[{"href":"https:\/\/www.fass-berlin.de\/startseite\/wp-json\/wp\/v2\/types\/post"}],"author":[{"embeddable":true,"href":"https:\/\/www.fass-berlin.de\/startseite\/wp-json\/wp\/v2\/users\/15"}],"replies":[{"embeddable":true,"href":"https:\/\/www.fass-berlin.de\/startseite\/wp-json\/wp\/v2\/comments?post=20158"}],"version-history":[{"count":2,"href":"https:\/\/www.fass-berlin.de\/startseite\/wp-json\/wp\/v2\/posts\/20158\/revisions"}],"predecessor-version":[{"id":20174,"href":"https:\/\/www.fass-berlin.de\/startseite\/wp-json\/wp\/v2\/posts\/20158\/revisions\/20174"}],"wp:featuredmedia":[{"embeddable":true,"href":"https:\/\/www.fass-berlin.de\/startseite\/wp-json\/wp\/v2\/media\/20159"}],"wp:attachment":[{"href":"https:\/\/www.fass-berlin.de\/startseite\/wp-json\/wp\/v2\/media?parent=20158"}],"wp:term":[{"taxonomy":"category","embeddable":true,"href":"https:\/\/www.fass-berlin.de\/startseite\/wp-json\/wp\/v2\/categories?post=20158"},{"taxonomy":"post_tag","embeddable":true,"href":"https:\/\/www.fass-berlin.de\/startseite\/wp-json\/wp\/v2\/tags?post=20158"}],"curies":[{"name":"wp","href":"https:\/\/api.w.org\/{rel}","templated":true}]}}