{"id":20296,"date":"2022-12-15T22:09:09","date_gmt":"2022-12-15T21:09:09","guid":{"rendered":"https:\/\/www.fass-berlin.de\/startseite\/?p=20296"},"modified":"2022-12-15T22:09:09","modified_gmt":"2022-12-15T21:09:09","slug":"fass-empfaengt-tornado-niesky-bei-freiem-eintritt","status":"publish","type":"post","link":"https:\/\/www.fass-berlin.de\/startseite\/2022\/12\/15\/fass-empfaengt-tornado-niesky-bei-freiem-eintritt\/","title":{"rendered":"FASS empf\u00e4ngt Tornado Niesky &#8211; bei freiem Eintritt"},"content":{"rendered":"<p>Bei aller Vorfreude auf das Stadionfest &#8222;60 Jahre FASS Berlin&#8220; sollte nicht vergessen werden: Am Samstagabend (17.11.22, 19:00 Uhr, Erika-He\u00df-Eisstadion) steht ein Meisterschaftsspiel an, in dem es um wichtige Punkte geht. FASS empf\u00e4ngt den langj\u00e4hrigen Rivalen Tornado Niesky. <strong>Der Eintritt ist diesmal frei!<\/strong> Die Inhaberinnen und Inhaber von Saisontickets k\u00f6nnen ein kostenloses Upgrade in den VIP-Raum nutzen.<\/p>\n<p>Die personelle Situation der Berliner wird an diesem Wochenende kaum besser werden, zumal zwei weitere Akteure ausfallen, die in Chemnitz noch dabei waren. Jetzt hei\u00dft es abwarten, wer sich f\u00fcr das Wochenende noch fit meldet. Im Kader werden mit <a href=\"https:\/\/www.fass-berlin.de\/startseite\/player\/florian-idschok-rlo\/\">Florian Idschok<\/a> und Walto Hendricks m\u00f6glicherweise auch zwei Akteure aus dem 1b-Team stehen, die schon seit einigen Wochen mit der Ersten Mannschaft trainieren. Nach den j\u00fcngsten R\u00fcckschl\u00e4gen ist Ziel in jedem Fall ein Sieg, um den Anschluss an die beiden ersten Pl\u00e4tze zu halten.<\/p>\n<p>Tornado Niesky durchlebt wieder eine schwierige Saison und k\u00e4mpft derzeit mit dem ESC Dresden um den wichtigen 6. Tabellenplatz, der zur Teilnahme an den Pre-Play-offs berechtigt. Zuletzt zeigte die Formkurve etwas nach oben, was &#8211; wie in jedem Jahr &#8211; daran liegt, dass Trainer Jens Schwabe ab Ende Oktober sein Team dreimal pro Woche aufs Eis bitten kann und man so im Saisonverlauf zulegen kann. Die St\u00e4rken der Lausitzer liegen in diesem Jahr eindeutig in der Offensive, wo mit David Fr\u00f6mter, Christoph Rogenz, Eddy Lysk und Tom Domula einige sehr schnelle und torgef\u00e4hrliche Akteure auf ihre Chancen lauern werden. Philip Riedel, der vielleicht st\u00e4rkste Skater der G\u00e4ste, wird in dieser Saison \u00fcberwiegend in der Verteidigung eingesetzt.<\/p>\n<h5>Historie<\/h5>\n<p>FASS konnte zuletzt f\u00fcnf Siege in Folge gegen Niesky feiern. In der Gesamtbilanz nach 71 Spielen liegt man allerdings mit 31 Siegen und 40 Niederlagen bei 278:294 Toren noch zur\u00fcck. Zuhause steht die Bilanz immerhin bei 21 Siegen und 15 Niederlagen (164:130 Tore).<\/p>\n<p>Wer Lust auf einen Streifzug durch 60 Jahre FASS-Geschichte hat, findet hier die wichtigsten Informationen zu den <a href=\"https:\/\/www.fass-berlin.de\/startseite\/2022\/12\/13\/fass-in-den-60er-und-70er-jahren\/\">60er und 70er Jahren<\/a>, den <a href=\"https:\/\/www.fass-berlin.de\/startseite\/2022\/12\/14\/fass-in-den-80er-und-90er-jahren\/\">80er und 90er Jahren<\/a> sowie den <a href=\"https:\/\/www.fass-berlin.de\/startseite\/2022\/12\/15\/fass-in-den-00er-und-10er-jahren\/\">00er und 10er Jahren<\/a>.<\/p>\n","protected":false},"excerpt":{"rendered":"<p>Bei aller Vorfreude auf das Stadionfest &#8222;60 Jahre FASS Berlin&#8220; sollte nicht vergessen werden: Am Samstagabend (17.11.22, 19:00 Uhr, Erika-He\u00df-Eisstadion) steht ein Meisterschaftsspiel an, in dem es um wichtige Punkte geht. FASS empf\u00e4ngt den langj\u00e4hrigen Rivalen Tornado Niesky. Der Eintritt ist diesmal frei! Die Inhaberinnen und Inhaber von Saisontickets k\u00f6nnen ein kostenloses Upgrade in den [&hellip;]<\/p>\n","protected":false},"author":15,"featured_media":20297,"comment_status":"open","ping_status":"open","sticky":false,"template":"","format":"standard","meta":{"_exactmetrics_skip_tracking":false,"_exactmetrics_sitenote_active":false,"_exactmetrics_sitenote_note":"","_exactmetrics_sitenote_category":0,"jetpack_post_was_ever_published":false,"_jetpack_newsletter_access":"","_jetpack_dont_email_post_to_subs":false,"_jetpack_newsletter_tier_id":0,"_jetpack_memberships_contains_paywalled_content":false,"_jetpack_memberships_contains_paid_content":false,"footnotes":"","jetpack_publicize_message":"","jetpack_publicize_feature_enabled":true,"jetpack_social_post_already_shared":true,"jetpack_social_options":{"image_generator_settings":{"template":"highway","default_image_id":0,"font":"","enabled":false},"version":2}},"categories":[50],"tags":[],"class_list":["post-20296","post","type-post","status-publish","format-standard","has-post-thumbnail","hentry","category-regionalliga-ost"],"jetpack_publicize_connections":[],"jetpack_featured_media_url":"https:\/\/www.fass-berlin.de\/wp-content\/uploads\/2022\/12\/Spieltag_Niesky-1.jpg","jetpack_sharing_enabled":true,"jetpack_shortlink":"https:\/\/wp.me\/paiOCx-5hm","jetpack_likes_enabled":true,"jetpack-related-posts":[],"_links":{"self":[{"href":"https:\/\/www.fass-berlin.de\/startseite\/wp-json\/wp\/v2\/posts\/20296","targetHints":{"allow":["GET"]}}],"collection":[{"href":"https:\/\/www.fass-berlin.de\/startseite\/wp-json\/wp\/v2\/posts"}],"about":[{"href":"https:\/\/www.fass-berlin.de\/startseite\/wp-json\/wp\/v2\/types\/post"}],"author":[{"embeddable":true,"href":"https:\/\/www.fass-berlin.de\/startseite\/wp-json\/wp\/v2\/users\/15"}],"replies":[{"embeddable":true,"href":"https:\/\/www.fass-berlin.de\/startseite\/wp-json\/wp\/v2\/comments?post=20296"}],"version-history":[{"count":3,"href":"https:\/\/www.fass-berlin.de\/startseite\/wp-json\/wp\/v2\/posts\/20296\/revisions"}],"predecessor-version":[{"id":20301,"href":"https:\/\/www.fass-berlin.de\/startseite\/wp-json\/wp\/v2\/posts\/20296\/revisions\/20301"}],"wp:featuredmedia":[{"embeddable":true,"href":"https:\/\/www.fass-berlin.de\/startseite\/wp-json\/wp\/v2\/media\/20297"}],"wp:attachment":[{"href":"https:\/\/www.fass-berlin.de\/startseite\/wp-json\/wp\/v2\/media?parent=20296"}],"wp:term":[{"taxonomy":"category","embeddable":true,"href":"https:\/\/www.fass-berlin.de\/startseite\/wp-json\/wp\/v2\/categories?post=20296"},{"taxonomy":"post_tag","embeddable":true,"href":"https:\/\/www.fass-berlin.de\/startseite\/wp-json\/wp\/v2\/tags?post=20296"}],"curies":[{"name":"wp","href":"https:\/\/api.w.org\/{rel}","templated":true}]}}