{"id":20365,"date":"2023-01-08T23:56:46","date_gmt":"2023-01-08T22:56:46","guid":{"rendered":"https:\/\/www.fass-berlin.de\/startseite\/?p=20365"},"modified":"2023-01-08T23:56:46","modified_gmt":"2023-01-08T22:56:46","slug":"derbysieg-sichert-sechs-punkte-wochenende-2","status":"publish","type":"post","link":"https:\/\/www.fass-berlin.de\/startseite\/2023\/01\/08\/derbysieg-sichert-sechs-punkte-wochenende-2\/","title":{"rendered":"Derbysieg sichert Sechs-Punkte-Wochenende"},"content":{"rendered":"<p>Am Sonntagabend gewinnt FASS Berlin bei den Eisb\u00e4ren Juniors mit <a href=\"https:\/\/www.fass-berlin.de\/startseite\/event\/19681\/\">3:9 (1:4, 2:2, 0:3)<\/a> und <a href=\"https:\/\/www.fass-berlin.de\/startseite\/regionalliga-ost-2\/regionalliga-ost-2022-23\/\">\u00fcbernimmt nach einem Sechs-Punkte-Wochenende wieder den wichtigen zweiten Rang<\/a> in der Regionalliga Ost, der am Ende der Hauptrunde die direkte Halbfinal-Qualifikation bedeutet.<\/p>\n<p>Der Sieg in einem sehr fairen Derby war hoch verdient. 130 Zuschauerinnen und Zuschauer im Wellblechpalast sahen ein starkes Weddinger Team, dem in jedem Drittel ein fr\u00fches Tor gelang. Auf die Ereignisse beim letzten Aufeinandertreffen der Lokalrivalen gab <a href=\"https:\/\/www.fass-berlin.de\/startseite\/player\/gregor-kubail\/\">Gregor Kubail<\/a> die passende Antwort, indem er einen Hattrick erzielte. Die weiteren Treffer markierten <a href=\"https:\/\/www.fass-berlin.de\/startseite\/player\/marvin-miethke\/\">Marvin Miethke<\/a> (mit seinem ersten Saisontor), <a href=\"https:\/\/www.fass-berlin.de\/startseite\/player\/patrick-czajka\/\">Patrick Czajka<\/a>, Markus Babinsky (jeweils zwei Tore) und <a href=\"https:\/\/www.fass-berlin.de\/startseite\/player\/dennis-merk\/\">Dennis Merk<\/a>.<\/p>\n<p>Dem Team von Headcoach Christopher Scholz ist damit ein \u00fcberzeugender Start ins Jahr 2023 gelungen. Dies lag auch an der R\u00fcckkehr der Langzeitverletzten <a href=\"https:\/\/www.fass-berlin.de\/startseite\/player\/ludwig-wild\/\">Philipp Grunwald<\/a>, <a href=\"https:\/\/www.fass-berlin.de\/startseite\/player\/nico-jentzsch\/\">Nico Jentzsch<\/a> und <a href=\"https:\/\/www.fass-berlin.de\/startseite\/player\/ludwig-wild\/\">Ludwig Wild<\/a>, die allesamt seit Oktober ausgefallen waren und jetzt wieder die Qualit\u00e4t und Tiefe des Kaders verbessern. So blicken die Nordberliner zuversichtlich nach vorne. Am kommenden Samstag (14.01.23, 19:00 Uhr) kommen die Jungf\u00fcchse des ES Wei\u00dfwasser ins Erika-He\u00df-Eisstadion.<\/p>\n<h5>Statistik<\/h5>\n<p><strong>FASS<\/strong>: Hoffmann (Bohn) &#8211; Pilz, Babinsky; Wild, Miethke; Weihrauch, Grunwald; Levin &#8211; Czajka, Fiedler, Merk; Volynec, Kubail, Braun; K\u00fcbler, Freunschlag, Jentzsch; Hendriks, Hermann, Idschok.<br \/>\n<strong>Tore<\/strong>:<br \/>\n0:1 (01:24) <strong>Miethke<\/strong> (Kubail, Braun), 0:2 (03:25) <strong>Kubail<\/strong> (Braun, Volynec), 1:2 (12:08) Ludwig-Herbst, 1:3 (16:12) <strong>Czajka<\/strong> (Fiedler, Pilz), 1:4 (17:56) <strong>Babinsky<\/strong> (Merk, Fiedler);<br \/>\n1:5 (20:47) <strong>Czajka<\/strong> (Fiedler, Merk), 2:5 (21:24) Konietzky, 3:5 (28:25) Butasch, 3:6 (34:24) <strong>Babinsky<\/strong> (Fiedler, Czajka);<br \/>\n3:7 (42:10) <strong>Kubail<\/strong> (Braun, Miethke), 3:8 (44:19) <strong>Merk<\/strong> (Czajka, Pilz), 3:9 (44:44) <strong>Kubail<\/strong> (Braun).<br \/>\n<strong>Schiedsrichter<\/strong>: Metzkow &#8211; Barz, Gl\u00e4ser.<br \/>\n<strong>Strafen<\/strong>: Eisb\u00e4ren 4, FASS 6.<br \/>\n<strong>Zuschauer<\/strong>: 130.<br \/>\n<strong>Torsch\u00fcsse<\/strong>: 22-58.<br \/>\n<strong>Face-off<\/strong>: 24-37.<\/p>\n<h5>Kader-Update<\/h5>\n<p>Es gibt weitere gute Nachrichten, denn zwei Akteure haben sich jetzt l\u00e4ngerfristig an FASS gebunden. <a href=\"https:\/\/www.fass-berlin.de\/startseite\/player\/stefan-freunschlag\/\">Stefan Freunschlag<\/a> (26), der im Sommer von den Steel Wings Linz (AlpsHL) nach Berlin kam und den Angriff verst\u00e4rkte, verl\u00e4ngerte bis zum Ende der Saison 2023\/24. Noch ein Jahr l\u00e4nger bleibt <a href=\"https:\/\/www.fass-berlin.de\/startseite\/player\/markus-babinsky\/\">Markus Babinsky<\/a>, der bis Sommer 2025 verl\u00e4ngert hat. Der 33j\u00e4hrige Verteidiger kam von den H\u00f6chstadt Alligators (OL S\u00fcd) zu FASS.<\/p>\n<p>\u201eMarkus und Stefan waren sofort sportlich wie menschlich ein riesiger Gewinn f\u00fcr uns\u201c, meint Mannschaftsleiter Peter Wagenfeldt. \u201eEs ist klasse, wie sie sich mit dem Verein und der Mannschaft identifizieren und schon jetzt langfristig zugesagt haben.\u201c Damit stehen bereits jetzt sieben Spieler f\u00fcr die kommende Saison unter Vertrag, denn Kapit\u00e4n <a href=\"https:\/\/www.fass-berlin.de\/startseite\/player\/tom-fiedler\/\">Tom Fiedler<\/a>, <a href=\"https:\/\/www.fass-berlin.de\/startseite\/player\/felix-braun\/\">Felix Braun<\/a>, Gregor Kubail, <a href=\"https:\/\/www.fass-berlin.de\/startseite\/player\/daniel-volynec\/\">Daniel Volynec<\/a> und Ludwig Wild hatten sich bereits l\u00e4ngerfristig gebunden. \u201eWir haben einen gewissen personellen Umbruch begonnen\u201c, f\u00fcgt Wagenfeldt hinzu. \u201eIn solchen Phasen ist es wichtig, m\u00f6glichst fr\u00fch Signale von Stabilit\u00e4t und Berechenbarkeit zu senden. Das tun wir.\u201c<\/p>\n<p>Foto: Alexandra Bohn<\/p>\n","protected":false},"excerpt":{"rendered":"<p>Am Sonntagabend gewinnt FASS Berlin bei den Eisb\u00e4ren Juniors mit 3:9 (1:4, 2:2, 0:3) und \u00fcbernimmt nach einem Sechs-Punkte-Wochenende wieder den wichtigen zweiten Rang in der Regionalliga Ost, der am Ende der Hauptrunde die direkte Halbfinal-Qualifikation bedeutet. Der Sieg in einem sehr fairen Derby war hoch verdient. 130 Zuschauerinnen und Zuschauer im Wellblechpalast sahen ein [&hellip;]<\/p>\n","protected":false},"author":15,"featured_media":20364,"comment_status":"open","ping_status":"open","sticky":false,"template":"","format":"standard","meta":{"_exactmetrics_skip_tracking":false,"_exactmetrics_sitenote_active":false,"_exactmetrics_sitenote_note":"","_exactmetrics_sitenote_category":0,"jetpack_post_was_ever_published":false,"_jetpack_newsletter_access":"","_jetpack_dont_email_post_to_subs":false,"_jetpack_newsletter_tier_id":0,"_jetpack_memberships_contains_paywalled_content":false,"_jetpack_memberships_contains_paid_content":false,"footnotes":"","jetpack_publicize_message":"","jetpack_publicize_feature_enabled":true,"jetpack_social_post_already_shared":true,"jetpack_social_options":{"image_generator_settings":{"template":"highway","default_image_id":0,"font":"","enabled":false},"version":2}},"categories":[50],"tags":[],"class_list":["post-20365","post","type-post","status-publish","format-standard","has-post-thumbnail","hentry","category-regionalliga-ost"],"jetpack_publicize_connections":[],"jetpack_featured_media_url":"https:\/\/www.fass-berlin.de\/wp-content\/uploads\/2023\/01\/G9A3720-scaled.jpg","jetpack_sharing_enabled":true,"jetpack_shortlink":"https:\/\/wp.me\/paiOCx-5it","jetpack_likes_enabled":true,"jetpack-related-posts":[],"_links":{"self":[{"href":"https:\/\/www.fass-berlin.de\/startseite\/wp-json\/wp\/v2\/posts\/20365","targetHints":{"allow":["GET"]}}],"collection":[{"href":"https:\/\/www.fass-berlin.de\/startseite\/wp-json\/wp\/v2\/posts"}],"about":[{"href":"https:\/\/www.fass-berlin.de\/startseite\/wp-json\/wp\/v2\/types\/post"}],"author":[{"embeddable":true,"href":"https:\/\/www.fass-berlin.de\/startseite\/wp-json\/wp\/v2\/users\/15"}],"replies":[{"embeddable":true,"href":"https:\/\/www.fass-berlin.de\/startseite\/wp-json\/wp\/v2\/comments?post=20365"}],"version-history":[{"count":3,"href":"https:\/\/www.fass-berlin.de\/startseite\/wp-json\/wp\/v2\/posts\/20365\/revisions"}],"predecessor-version":[{"id":20368,"href":"https:\/\/www.fass-berlin.de\/startseite\/wp-json\/wp\/v2\/posts\/20365\/revisions\/20368"}],"wp:featuredmedia":[{"embeddable":true,"href":"https:\/\/www.fass-berlin.de\/startseite\/wp-json\/wp\/v2\/media\/20364"}],"wp:attachment":[{"href":"https:\/\/www.fass-berlin.de\/startseite\/wp-json\/wp\/v2\/media?parent=20365"}],"wp:term":[{"taxonomy":"category","embeddable":true,"href":"https:\/\/www.fass-berlin.de\/startseite\/wp-json\/wp\/v2\/categories?post=20365"},{"taxonomy":"post_tag","embeddable":true,"href":"https:\/\/www.fass-berlin.de\/startseite\/wp-json\/wp\/v2\/tags?post=20365"}],"curies":[{"name":"wp","href":"https:\/\/api.w.org\/{rel}","templated":true}]}}