{"id":20394,"date":"2023-01-19T20:11:45","date_gmt":"2023-01-19T19:11:45","guid":{"rendered":"https:\/\/www.fass-berlin.de\/startseite\/?p=20394"},"modified":"2023-01-19T20:11:45","modified_gmt":"2023-01-19T19:11:45","slug":"drei-punkte-gegen-dresden-im-visier","status":"publish","type":"post","link":"https:\/\/www.fass-berlin.de\/startseite\/2023\/01\/19\/drei-punkte-gegen-dresden-im-visier\/","title":{"rendered":"Drei Punkte gegen Dresden im Visier"},"content":{"rendered":"<p>Der Kampf um die beste Ausgangsposition f\u00fcr die Play-offs geht in die n\u00e4chste Runde. Am Samstag (21.01.2023, 19:00 Uhr) kommt der ESC Dresden ins Erika-He\u00df-Eisstadion, um FASS Berlin die Punkte streitig zu machen. Die Abendkasse \u00f6ffnet um 18:00 Uhr. Der Eintritt kostet 6 Euro (VIP-Tageskarte 16 Euro).<\/p>\n<p>Die G\u00e4ste stehen auf dem siebten Tabellenplatz und k\u00e4mpfen um die <a href=\"https:\/\/www.fass-berlin.de\/startseite\/regionalliga-ost-2\/regionalliga-ost-2022-23\/\">Qualifikation f\u00fcr die Pre-Play-offs<\/a> (Rang 6). Zuletzt haben die Dresdner mit einem Sieg gegen die Eisb\u00e4ren Juniors aufhorchen lassen. In einem homogenen Team mit einigen Talenten aus dem DNL-Kader ragt Goalgetter Maxim Rebizov heraus, der sich in den <a href=\"https:\/\/www.fass-berlin.de\/startseite\/regionalliga-ost-2\/scorerliste\/\">TOP20 der ligaweiten Scorerliste<\/a> etablieren konnte. Auch wenn FASS als klarer Favorit in das Spiel geht, wird Headcoach Christopher Scholz sein Team darauf einstellen, den Gegner nicht zu untersch\u00e4tzen, denn jedes Team der Regionalliga Ost ist f\u00fcr eine \u00dcberraschung gut.<\/p>\n<p>Die Bank von FASS wird erneut sehr gut besetzt sein. Auch <a href=\"https:\/\/www.fass-berlin.de\/startseite\/player\/daniel-volynec\/\">Daniel Volynec<\/a> steht wieder im Kader. Zwei Spieler sind angeschlagen und ihr Einsatz am Samstag ist noch nicht sicher. Vielleicht kommt es so zum Deb\u00fct von <strong>Jakob Altmann<\/strong>. Der (noch) 16j\u00e4hrige aus dem eigenen Nachwuchs trainiert seit einigen Wochen mit der Ersten Mannschaft und konnte dabei sein Talent unter Beweis stellen, zuletzt beim mannschaftsinternen &#8222;Weihnachtsderby&#8220;.<\/p>\n<p>Pr\u00e4sentiert wird das Spiel von unserem neuen Partner <strong>Quarki fresh food<\/strong>. Das Berliner Familienunternehmen produziert zahlreiche Milchprodukte, die ihr im gut sortierten K\u00fchlregal findet.<\/p>\n<h5>&#8222;Weihnachtsderby&#8220; geht an Kindl United<\/h5>\n<figure id=\"attachment_20396\" aria-describedby=\"caption-attachment-20396\" style=\"width: 653px\" class=\"wp-caption alignleft\"><img loading=\"lazy\" decoding=\"async\" class=\"wp-image-20396 size-large\" src=\"https:\/\/www.fass-berlin.de\/wp-content\/uploads\/2023\/01\/G9A8639-1024x421.jpg\" alt=\"\" width=\"653\" height=\"268\" srcset=\"https:\/\/www.fass-berlin.de\/wp-content\/uploads\/2023\/01\/G9A8639-1024x421.jpg 1024w, https:\/\/www.fass-berlin.de\/wp-content\/uploads\/2023\/01\/G9A8639-300x123.jpg 300w, https:\/\/www.fass-berlin.de\/wp-content\/uploads\/2023\/01\/G9A8639-768x316.jpg 768w, https:\/\/www.fass-berlin.de\/wp-content\/uploads\/2023\/01\/G9A8639-1536x631.jpg 1536w, https:\/\/www.fass-berlin.de\/wp-content\/uploads\/2023\/01\/G9A8639-2048x842.jpg 2048w, https:\/\/www.fass-berlin.de\/wp-content\/uploads\/2023\/01\/G9A8639-128x53.jpg 128w, https:\/\/www.fass-berlin.de\/wp-content\/uploads\/2023\/01\/G9A8639-32x13.jpg 32w\" sizes=\"auto, (max-width: 653px) 100vw, 653px\" \/><figcaption id=\"caption-attachment-20396\" class=\"wp-caption-text\">Die Teams vor dem &#8222;Weihnachtsderby&#8220; 2022\/23 mit dem Wanderpokal.<\/figcaption><\/figure>\n<p>Am Dienstagabend wurde zum zweiten Mal das mannschaftsinterne &#8222;Weihnachtsderby&#8220; ausgetragen, bei dem Titelverteidiger <strong>EHC 2. Fr\u00fchling<\/strong> (angef\u00fchrt von Kapit\u00e4n <a href=\"https:\/\/www.fass-berlin.de\/startseite\/player\/tom-fiedler\/\">Tom Fiedler<\/a>) auf <strong>Kindl United<\/strong> (angef\u00fchrt von <a href=\"https:\/\/www.fass-berlin.de\/startseite\/player\/gregor-kubail\/\">Gregor Kubail<\/a>) traf. Wegen Verletzungen und Krankheiten war das Spiel im Dezember ausgefallen, so dass jetzt der Nachholtermin stattfand. In einem sehr spannenden und ausgeglichenen Spiel gewann diesmal <strong>Kindl United<\/strong> mit 6:3 &#8211; und konnte den Wanderpokal entgegennehmen. Torsch\u00fctzen waren <a href=\"https:\/\/www.fass-berlin.de\/startseite\/player\/philipp-grunwald\/\">Philipp Grunwald<\/a> (3), Gregor Kubail, <a href=\"https:\/\/www.fass-berlin.de\/startseite\/player\/stefan-freunschlag\/\">Stefan Freunschlag<\/a> und <a href=\"https:\/\/www.fass-berlin.de\/startseite\/player\/florian-idschok-rlo\/\">Florian Idschok<\/a> bei Gegentreffern von <a href=\"https:\/\/www.fass-berlin.de\/startseite\/player\/felix-kuebler\/\">Felix K\u00fcbler<\/a>, <a href=\"https:\/\/www.fass-berlin.de\/startseite\/player\/markus-babinsky\/\">Markus Babinsky<\/a> und <a href=\"https:\/\/www.fass-berlin.de\/startseite\/player\/patrick-czajka\/\">Patrick Czajka<\/a>. Das Team hat sich besonders gefreut, dass einige Fans den Weg ins Erika-He\u00df-Eisstadion gefunden hatten.<\/p>\n<p>Foto: Alexandra Bohn<\/p>\n","protected":false},"excerpt":{"rendered":"<p>Der Kampf um die beste Ausgangsposition f\u00fcr die Play-offs geht in die n\u00e4chste Runde. Am Samstag (21.01.2023, 19:00 Uhr) kommt der ESC Dresden ins Erika-He\u00df-Eisstadion, um FASS Berlin die Punkte streitig zu machen. Die Abendkasse \u00f6ffnet um 18:00 Uhr. Der Eintritt kostet 6 Euro (VIP-Tageskarte 16 Euro). Die G\u00e4ste stehen auf dem siebten Tabellenplatz und [&hellip;]<\/p>\n","protected":false},"author":15,"featured_media":20395,"comment_status":"open","ping_status":"open","sticky":false,"template":"","format":"standard","meta":{"_exactmetrics_skip_tracking":false,"_exactmetrics_sitenote_active":false,"_exactmetrics_sitenote_note":"","_exactmetrics_sitenote_category":0,"jetpack_post_was_ever_published":false,"_jetpack_newsletter_access":"","_jetpack_dont_email_post_to_subs":false,"_jetpack_newsletter_tier_id":0,"_jetpack_memberships_contains_paywalled_content":false,"_jetpack_memberships_contains_paid_content":false,"footnotes":"","jetpack_publicize_message":"","jetpack_publicize_feature_enabled":true,"jetpack_social_post_already_shared":true,"jetpack_social_options":{"image_generator_settings":{"template":"highway","default_image_id":0,"font":"","enabled":false},"version":2}},"categories":[50],"tags":[],"class_list":["post-20394","post","type-post","status-publish","format-standard","has-post-thumbnail","hentry","category-regionalliga-ost"],"jetpack_publicize_connections":[],"jetpack_featured_media_url":"https:\/\/www.fass-berlin.de\/wp-content\/uploads\/2023\/01\/Spieltag_Dresden.jpg","jetpack_sharing_enabled":true,"jetpack_shortlink":"https:\/\/wp.me\/paiOCx-5iW","jetpack_likes_enabled":true,"jetpack-related-posts":[],"_links":{"self":[{"href":"https:\/\/www.fass-berlin.de\/startseite\/wp-json\/wp\/v2\/posts\/20394","targetHints":{"allow":["GET"]}}],"collection":[{"href":"https:\/\/www.fass-berlin.de\/startseite\/wp-json\/wp\/v2\/posts"}],"about":[{"href":"https:\/\/www.fass-berlin.de\/startseite\/wp-json\/wp\/v2\/types\/post"}],"author":[{"embeddable":true,"href":"https:\/\/www.fass-berlin.de\/startseite\/wp-json\/wp\/v2\/users\/15"}],"replies":[{"embeddable":true,"href":"https:\/\/www.fass-berlin.de\/startseite\/wp-json\/wp\/v2\/comments?post=20394"}],"version-history":[{"count":3,"href":"https:\/\/www.fass-berlin.de\/startseite\/wp-json\/wp\/v2\/posts\/20394\/revisions"}],"predecessor-version":[{"id":20399,"href":"https:\/\/www.fass-berlin.de\/startseite\/wp-json\/wp\/v2\/posts\/20394\/revisions\/20399"}],"wp:featuredmedia":[{"embeddable":true,"href":"https:\/\/www.fass-berlin.de\/startseite\/wp-json\/wp\/v2\/media\/20395"}],"wp:attachment":[{"href":"https:\/\/www.fass-berlin.de\/startseite\/wp-json\/wp\/v2\/media?parent=20394"}],"wp:term":[{"taxonomy":"category","embeddable":true,"href":"https:\/\/www.fass-berlin.de\/startseite\/wp-json\/wp\/v2\/categories?post=20394"},{"taxonomy":"post_tag","embeddable":true,"href":"https:\/\/www.fass-berlin.de\/startseite\/wp-json\/wp\/v2\/tags?post=20394"}],"curies":[{"name":"wp","href":"https:\/\/api.w.org\/{rel}","templated":true}]}}