{"id":20502,"date":"2023-02-08T23:50:45","date_gmt":"2023-02-08T22:50:45","guid":{"rendered":"https:\/\/www.fass-berlin.de\/startseite\/?p=20502"},"modified":"2023-02-08T23:58:07","modified_gmt":"2023-02-08T22:58:07","slug":"doppelwochenende-sonntag-kommt-schoenheide","status":"publish","type":"post","link":"https:\/\/www.fass-berlin.de\/startseite\/2023\/02\/08\/doppelwochenende-sonntag-kommt-schoenheide\/","title":{"rendered":"Doppelwochenende &#8211; Sonntag kommt Sch\u00f6nheide"},"content":{"rendered":"<p>Noch drei Wochenenden sind es bis zum Abschluss der Hauptrunde, und das kommende hat es besonders in sich. Am Samstagabend tritt FASS um 20:00 Uhr in der Dresdner Joynext-Arena beim ESC Dresden an, und nach einer kurzen Nacht kommt der <strong><a href=\"https:\/\/www.fass-berlin.de\/startseite\/regionalliga-ost-2\/regionalliga-ost-2022-23\/\">Tabellenf\u00fchrer<\/a> Sch\u00f6nheider W\u00f6lfe am Sonntag (12.02.2023, 13:30 Uhr) ins Erika-He\u00df-Eisstadion<\/strong>.<\/p>\n<p>&#8222;Das Programm ist nat\u00fcrlich brutal, aber jedes Team muss ein, zwei dieser Wochenenden bestreiten&#8220;, erl\u00e4utert Headcoach Christopher Scholz. &#8222;Unsere volle Konzentration gilt dem Spiel in Dresden. Da m\u00fcssen wir drei Punkte holen, und das wird schwer. \u00dcber Sch\u00f6nheide reden wir fr\u00fchestens auf der Heimfahrt Samstagnacht.&#8220;<\/p>\n<p>Die Landeshauptst\u00e4dter aus Sachsen k\u00e4mpfen um den Einzug in die Pre-Play-offs. Seit Jahresbeginn hat das Team von Spielertrainer Eberth sieben Punkte aus f\u00fcnf Spielen geholt; in diesem Zeitraum war man damit die Nummer 4 der Liga. Der <a href=\"https:\/\/youtu.be\/L69bCG8zlmk\">13:1-Heimsieg vor wenigen Wochen<\/a> ist kein Ma\u00dfstab, denn Dresden ist immer dann gef\u00e4hrlich, wenn die Stammkr\u00e4fte um die Torj\u00e4ger Rebizov und Bertholdt sowie einige Talente aus dem starken DNL-Team dabei sind. Genau damit rechnen die Berliner f\u00fcr Samstag.<\/p>\n<h5>Spitzenspiel am Sonntag mit grosser tombola<\/h5>\n<p>Die Fans freuen sich nat\u00fcrlich besonders auf den Besuch der W\u00f6lfe am Sonntag zu familienfreundlicher Zeit (13:30 Uhr). Bei der <a href=\"https:\/\/www.facebook.com\/photo\/?fbid=603841725091326&amp;set=a.170892631719573\">gro\u00dfen Tombola<\/a> ist wieder ein &#8222;Co-Trainer f\u00fcr einen Tag&#8220; zu gewinnen &#8211; und diesmal sogar auf einer Ausw\u00e4rtsfahrt!\u00a0Sportlich geht es darum, nach drei Niederlagen endlich wieder mal gegen die Erzgebirger zu punkten. Damit w\u00fcrden die Weddinger einen riesigen Schritt zur <a href=\"https:\/\/www.fass-berlin.de\/startseite\/regionalliga-ost-2\/regionalliga-ost-2022-23\/\">Sicherung von Tabellenplatz 2<\/a> machen, der die direkte Halbfinal-Qualifikation bedeutet. F\u00fcr attraktives Eishockey d\u00fcrfte gesorgt sein, denn es stehen <a href=\"https:\/\/www.fass-berlin.de\/startseite\/regionalliga-ost-2\/scorerliste\/\">acht der neun besten Scorer der Regionalliga Ost<\/a> auf dem Eis.<\/p>\n<p>Personell sieht es vor dem Doppelwochenende gut aus. Das Strafma\u00df f\u00fcr Torj\u00e4ger\u00a0<a href=\"https:\/\/www.fass-berlin.de\/startseite\/player\/daniel-volynec\/\">Daniel Volynec<\/a>\u00a0(Matchstrafe im letzten Spiel) muss noch abgewartet werden, in Dresden wird er mit Sicherheit fehlen. Daf\u00fcr steht <a href=\"https:\/\/www.fass-berlin.de\/startseite\/player\/stefan-freunschlag\/\">Stefan Freunschlag<\/a> wieder im Kader. Auch Youngster <a href=\"https:\/\/www.fass-berlin.de\/startseite\/player\/jakob-altmann\/\">Jakob Altmann<\/a> soll in einem weiteren Spiel dabei sein. Allerdings w\u00fcrde er sich mit dem dritten Regionalliga-Spiel fest spielen und d\u00fcrfte in der Landesliga Berlin nicht mehr zum Einsatz kommen &#8211; eine aus Weddinger Sicht \u00fcberdenkenswerte Regel.<\/p>\n<p>Nicht mehr im Kader steht <a href=\"https:\/\/www.fass-berlin.de\/startseite\/player\/lenny-alexander-sturm\/\">Lenny Sturm<\/a>, der in den letzten beiden Spielzeiten zum Goalie-Trio z\u00e4hlte. Er hat sich der DNL2-U20-Mannschaft des SC Bietigheim-Bissingen angeschlossen, die um den Aufstieg in die DNL k\u00e4mpft. Wir danken Lenny f\u00fcr seinen Einsatz und w\u00fcnschen viel Erfolg in Bietigheim.<\/p>\n","protected":false},"excerpt":{"rendered":"<p>Noch drei Wochenenden sind es bis zum Abschluss der Hauptrunde, und das kommende hat es besonders in sich. Am Samstagabend tritt FASS um 20:00 Uhr in der Dresdner Joynext-Arena beim ESC Dresden an, und nach einer kurzen Nacht kommt der Tabellenf\u00fchrer Sch\u00f6nheider W\u00f6lfe am Sonntag (12.02.2023, 13:30 Uhr) ins Erika-He\u00df-Eisstadion. &#8222;Das Programm ist nat\u00fcrlich brutal, [&hellip;]<\/p>\n","protected":false},"author":15,"featured_media":20503,"comment_status":"open","ping_status":"open","sticky":false,"template":"","format":"standard","meta":{"_exactmetrics_skip_tracking":false,"_exactmetrics_sitenote_active":false,"_exactmetrics_sitenote_note":"","_exactmetrics_sitenote_category":0,"jetpack_post_was_ever_published":false,"_jetpack_newsletter_access":"","_jetpack_dont_email_post_to_subs":false,"_jetpack_newsletter_tier_id":0,"_jetpack_memberships_contains_paywalled_content":false,"_jetpack_memberships_contains_paid_content":false,"footnotes":"","jetpack_publicize_message":"","jetpack_publicize_feature_enabled":true,"jetpack_social_post_already_shared":true,"jetpack_social_options":{"image_generator_settings":{"template":"highway","default_image_id":0,"font":"","enabled":false},"version":2}},"categories":[50],"tags":[],"class_list":["post-20502","post","type-post","status-publish","format-standard","has-post-thumbnail","hentry","category-regionalliga-ost"],"jetpack_publicize_connections":[],"jetpack_featured_media_url":"https:\/\/www.fass-berlin.de\/wp-content\/uploads\/2023\/02\/Spieltag_Schoenheide.jpg","jetpack_sharing_enabled":true,"jetpack_shortlink":"https:\/\/wp.me\/paiOCx-5kG","jetpack_likes_enabled":true,"jetpack-related-posts":[],"_links":{"self":[{"href":"https:\/\/www.fass-berlin.de\/startseite\/wp-json\/wp\/v2\/posts\/20502","targetHints":{"allow":["GET"]}}],"collection":[{"href":"https:\/\/www.fass-berlin.de\/startseite\/wp-json\/wp\/v2\/posts"}],"about":[{"href":"https:\/\/www.fass-berlin.de\/startseite\/wp-json\/wp\/v2\/types\/post"}],"author":[{"embeddable":true,"href":"https:\/\/www.fass-berlin.de\/startseite\/wp-json\/wp\/v2\/users\/15"}],"replies":[{"embeddable":true,"href":"https:\/\/www.fass-berlin.de\/startseite\/wp-json\/wp\/v2\/comments?post=20502"}],"version-history":[{"count":4,"href":"https:\/\/www.fass-berlin.de\/startseite\/wp-json\/wp\/v2\/posts\/20502\/revisions"}],"predecessor-version":[{"id":20507,"href":"https:\/\/www.fass-berlin.de\/startseite\/wp-json\/wp\/v2\/posts\/20502\/revisions\/20507"}],"wp:featuredmedia":[{"embeddable":true,"href":"https:\/\/www.fass-berlin.de\/startseite\/wp-json\/wp\/v2\/media\/20503"}],"wp:attachment":[{"href":"https:\/\/www.fass-berlin.de\/startseite\/wp-json\/wp\/v2\/media?parent=20502"}],"wp:term":[{"taxonomy":"category","embeddable":true,"href":"https:\/\/www.fass-berlin.de\/startseite\/wp-json\/wp\/v2\/categories?post=20502"},{"taxonomy":"post_tag","embeddable":true,"href":"https:\/\/www.fass-berlin.de\/startseite\/wp-json\/wp\/v2\/tags?post=20502"}],"curies":[{"name":"wp","href":"https:\/\/api.w.org\/{rel}","templated":true}]}}