{"id":20669,"date":"2023-03-27T15:58:31","date_gmt":"2023-03-27T13:58:31","guid":{"rendered":"https:\/\/www.fass-berlin.de\/startseite\/?p=20669"},"modified":"2023-03-27T15:58:31","modified_gmt":"2023-03-27T13:58:31","slug":"wir-trauern-um-gerald-hagen","status":"publish","type":"post","link":"https:\/\/www.fass-berlin.de\/startseite\/2023\/03\/27\/wir-trauern-um-gerald-hagen\/","title":{"rendered":"Wir trauern um Gerald Hagen"},"content":{"rendered":"<p>Ein FASS-Urgestein ist von uns gegangen. Gerald Hagen verstarb nach kurzer und schwerer Erkrankung in der Nacht vom 26. auf den 27. M\u00e4rz 2023 im Alter von nur 56 Jahren.<\/p>\n<p>Seine Karriere im Verein begann er bereits als 17j\u00e4hriger in der Saison 1983\/84. In den Folgejahren war der kompromisslose Verteidiger nicht aus dem Regionalliga-Team wegzudenken, bis eine schwere Verletzung, die er sich im Training zugezogen hatte, seine aktive Eishockey-Laufbahn im Januar 1992 j\u00e4h beendete.<\/p>\n<p>Ende der 90er Jahre war Gerald wieder zur\u00fcck, als er mit Radio Eiskalt dem Amateur-Eishockeysport der Hauptstadt frischen R\u00fcckenwind gab. Davon profitierte auch seine alte Liebe FASS, wo er 2001 die Verantwortung f\u00fcr die \u00d6ffentlichkeitsarbeit \u00fcbernahm. Mehr als 15 Jahre lang blieb er Pressesprecher. Au\u00dferdem unterst\u00fctzte er bis zuletzt als Mannschaftsleiter. Im letzten Jahr zog sich Gerald etwas zur\u00fcck, war aber bis zuletzt verantwortlich f\u00fcr den SEV Manager bei Heimspielen der Ersten Mannschaft. Ausw\u00e4rts\u00a0begleitete er das Team noch am 18.02.23 beim Spiel in Niesky.<\/p>\n<p>Gerald war immer ein spannender Gespr\u00e4chspartner, der auf ein schier unersch\u00f6pfliches Wissen in seinem geliebten Eishockeysport zur\u00fcckgreifen konnte. Geradezu legend\u00e4r war seine Hilfsbereitschaft, auf die stets Verlass war.<\/p>\n<p>Der Erste Vorsitzende Lucien Aicher: &#8222;Die Nachricht ist f\u00fcr uns alle ein Schock. Gerys Tod rei\u00dft eine L\u00fccke, die wir noch gar nicht \u00fcberblicken k\u00f6nnen. Gery, die FASS-Gemeinde verneigt sich vor Dir!&#8220;<\/p>\n","protected":false},"excerpt":{"rendered":"<p>Ein FASS-Urgestein ist von uns gegangen. Gerald Hagen verstarb nach kurzer und schwerer Erkrankung in der Nacht vom 26. auf den 27. M\u00e4rz 2023 im Alter von nur 56 Jahren. Seine Karriere im Verein begann er bereits als 17j\u00e4hriger in der Saison 1983\/84. In den Folgejahren war der kompromisslose Verteidiger nicht aus dem Regionalliga-Team wegzudenken, [&hellip;]<\/p>\n","protected":false},"author":15,"featured_media":20671,"comment_status":"open","ping_status":"open","sticky":false,"template":"","format":"standard","meta":{"_exactmetrics_skip_tracking":false,"_exactmetrics_sitenote_active":false,"_exactmetrics_sitenote_note":"","_exactmetrics_sitenote_category":0,"jetpack_post_was_ever_published":false,"_jetpack_newsletter_access":"","_jetpack_dont_email_post_to_subs":false,"_jetpack_newsletter_tier_id":0,"_jetpack_memberships_contains_paywalled_content":false,"_jetpack_memberships_contains_paid_content":false,"footnotes":"","jetpack_publicize_message":"","jetpack_publicize_feature_enabled":true,"jetpack_social_post_already_shared":true,"jetpack_social_options":{"image_generator_settings":{"template":"highway","default_image_id":0,"font":"","enabled":false},"version":2}},"categories":[1,50],"tags":[],"class_list":["post-20669","post","type-post","status-publish","format-standard","has-post-thumbnail","hentry","category-fass_allgemein","category-regionalliga-ost"],"jetpack_publicize_connections":[],"jetpack_featured_media_url":"https:\/\/www.fass-berlin.de\/wp-content\/uploads\/2023\/03\/Gerald-Trauer.jpeg","jetpack_sharing_enabled":true,"jetpack_shortlink":"https:\/\/wp.me\/paiOCx-5nn","jetpack_likes_enabled":true,"jetpack-related-posts":[],"_links":{"self":[{"href":"https:\/\/www.fass-berlin.de\/startseite\/wp-json\/wp\/v2\/posts\/20669","targetHints":{"allow":["GET"]}}],"collection":[{"href":"https:\/\/www.fass-berlin.de\/startseite\/wp-json\/wp\/v2\/posts"}],"about":[{"href":"https:\/\/www.fass-berlin.de\/startseite\/wp-json\/wp\/v2\/types\/post"}],"author":[{"embeddable":true,"href":"https:\/\/www.fass-berlin.de\/startseite\/wp-json\/wp\/v2\/users\/15"}],"replies":[{"embeddable":true,"href":"https:\/\/www.fass-berlin.de\/startseite\/wp-json\/wp\/v2\/comments?post=20669"}],"version-history":[{"count":4,"href":"https:\/\/www.fass-berlin.de\/startseite\/wp-json\/wp\/v2\/posts\/20669\/revisions"}],"predecessor-version":[{"id":20675,"href":"https:\/\/www.fass-berlin.de\/startseite\/wp-json\/wp\/v2\/posts\/20669\/revisions\/20675"}],"wp:featuredmedia":[{"embeddable":true,"href":"https:\/\/www.fass-berlin.de\/startseite\/wp-json\/wp\/v2\/media\/20671"}],"wp:attachment":[{"href":"https:\/\/www.fass-berlin.de\/startseite\/wp-json\/wp\/v2\/media?parent=20669"}],"wp:term":[{"taxonomy":"category","embeddable":true,"href":"https:\/\/www.fass-berlin.de\/startseite\/wp-json\/wp\/v2\/categories?post=20669"},{"taxonomy":"post_tag","embeddable":true,"href":"https:\/\/www.fass-berlin.de\/startseite\/wp-json\/wp\/v2\/tags?post=20669"}],"curies":[{"name":"wp","href":"https:\/\/api.w.org\/{rel}","templated":true}]}}