{"id":20760,"date":"2023-07-18T10:38:02","date_gmt":"2023-07-18T08:38:02","guid":{"rendered":"https:\/\/www.fass-berlin.de\/startseite\/?p=20760"},"modified":"2023-07-18T10:39:24","modified_gmt":"2023-07-18T08:39:24","slug":"henry-haase-wieder-zurueck-im-wedding","status":"publish","type":"post","link":"https:\/\/www.fass-berlin.de\/startseite\/2023\/07\/18\/henry-haase-wieder-zurueck-im-wedding\/","title":{"rendered":"Henry Haase zur\u00fcck im Wedding"},"content":{"rendered":"<p>Von den Augsburger Panthern (DEL) wechselt <a href=\"https:\/\/www.fass-berlin.de\/startseite\/player\/henry-haase\/\">Henry Haase<\/a> zu FASS Berlin. Der Defender war zuletzt Alternate Captain der Panther und blickt auf 511 DEL-Spiele (Augsburger Panther, D\u00fcsseldorfer EG, Eisb\u00e4ren Berlin) sowie acht L\u00e4nderspiele f\u00fcr die deutsche Nationalmannschaft zur\u00fcck.<\/p>\n<p>\u201eWir wollten nach Berlin zur\u00fcck, und da ist FASS einfach die beste Adresse\u201c, erkl\u00e4rt der 30j\u00e4hrige. \u201eWir haben eine starke Mannschaft, welche den Fans bestimmt viel Freude machen wird.\u201c<\/p>\n<p>\u201eWir freuen uns sehr \u00fcber Henrys Entscheidung, sich wieder FASS anzuschlie\u00dfen\u201c, sagt der Sportliche Leiter Peter Wagenfeldt. \u201eF\u00fcr uns ist das eine gro\u00dfartige Best\u00e4tigung unseres Konzepts: Wir wollen die erste Wahl f\u00fcr die besten Berliner Spieler sein, die ihre berufliche Zukunft gestalten und zugleich in einem starken Team Eishockey spielen wollen.\u201c<\/p>\n<figure id=\"attachment_16163\" aria-describedby=\"caption-attachment-16163\" style=\"width: 653px\" class=\"wp-caption alignright\"><img loading=\"lazy\" decoding=\"async\" class=\"wp-image-16163 size-large\" src=\"https:\/\/www.fass-berlin.de\/wp-content\/uploads\/2021\/03\/IMG_0152-1024x686.jpg\" alt=\"\" width=\"653\" height=\"437\" srcset=\"https:\/\/www.fass-berlin.de\/wp-content\/uploads\/2021\/03\/IMG_0152-1024x686.jpg 1024w, https:\/\/www.fass-berlin.de\/wp-content\/uploads\/2021\/03\/IMG_0152-300x201.jpg 300w, https:\/\/www.fass-berlin.de\/wp-content\/uploads\/2021\/03\/IMG_0152-768x514.jpg 768w, https:\/\/www.fass-berlin.de\/wp-content\/uploads\/2021\/03\/IMG_0152-1536x1029.jpg 1536w, https:\/\/www.fass-berlin.de\/wp-content\/uploads\/2021\/03\/IMG_0152-2048x1372.jpg 2048w, https:\/\/www.fass-berlin.de\/wp-content\/uploads\/2021\/03\/IMG_0152-128x86.jpg 128w, https:\/\/www.fass-berlin.de\/wp-content\/uploads\/2021\/03\/IMG_0152-32x21.jpg 32w, https:\/\/www.fass-berlin.de\/wp-content\/uploads\/2021\/03\/IMG_0152-272x182.jpg 272w, https:\/\/www.fass-berlin.de\/wp-content\/uploads\/2021\/03\/IMG_0152-scaled-150x100.jpg 150w, https:\/\/www.fass-berlin.de\/wp-content\/uploads\/2021\/03\/IMG_0152-scaled.jpg 1791w\" sizes=\"auto, (max-width: 653px) 100vw, 653px\" \/><figcaption id=\"caption-attachment-16163\" class=\"wp-caption-text\">2013 war Henry Haase ma\u00dfgeblich am Gewinn des Oberliga Ost-Pokals beteiligt, dem bislang gr\u00f6\u00dften Erfolg der Vereinsgeschichte.<\/figcaption><\/figure>\n<p>Haase hatte seine Senioren-Karriere einst bei FASS begonnen und zwischen 2009 und 2013 93 Spiele (mit 26 Toren und 46 Assists) f\u00fcr die Nordberliner absolviert. Seinerzeit kooperierte FASS mit den Eisb\u00e4ren, was sich als Erfolgsmodell f\u00fcr die Entwicklung von Talenten erwies.<span class=\"Apple-converted-space\">\u00a0<\/span><\/p>\n<p>Der Neuzugang wird pr\u00e4sentiert von ARKTIS IT Solutions. Das unabh\u00e4ngige und bundesweit agierende IT-Systemhaus ist seit 2010 Hauptsponsor der Weddinger, so dass Henry Haase schon in seiner fr\u00fchen FASS-Periode den blauen Schriftzug auf der Brust getragen hatte.<span class=\"Apple-converted-space\">\u00a0<\/span><\/p>\n","protected":false},"excerpt":{"rendered":"<p>Von den Augsburger Panthern (DEL) wechselt Henry Haase zu FASS Berlin. Der Defender war zuletzt Alternate Captain der Panther und blickt auf 511 DEL-Spiele (Augsburger Panther, D\u00fcsseldorfer EG, Eisb\u00e4ren Berlin) sowie acht L\u00e4nderspiele f\u00fcr die deutsche Nationalmannschaft zur\u00fcck. \u201eWir wollten nach Berlin zur\u00fcck, und da ist FASS einfach die beste Adresse\u201c, erkl\u00e4rt der 30j\u00e4hrige. \u201eWir [&hellip;]<\/p>\n","protected":false},"author":15,"featured_media":20761,"comment_status":"open","ping_status":"open","sticky":false,"template":"","format":"standard","meta":{"_exactmetrics_skip_tracking":false,"_exactmetrics_sitenote_active":false,"_exactmetrics_sitenote_note":"","_exactmetrics_sitenote_category":0,"jetpack_post_was_ever_published":false,"_jetpack_newsletter_access":"","_jetpack_dont_email_post_to_subs":false,"_jetpack_newsletter_tier_id":0,"_jetpack_memberships_contains_paywalled_content":false,"_jetpack_memberships_contains_paid_content":false,"footnotes":"","jetpack_publicize_message":"","jetpack_publicize_feature_enabled":true,"jetpack_social_post_already_shared":true,"jetpack_social_options":{"image_generator_settings":{"template":"highway","default_image_id":0,"font":"","enabled":false},"version":2}},"categories":[50],"tags":[],"class_list":["post-20760","post","type-post","status-publish","format-standard","has-post-thumbnail","hentry","category-regionalliga-ost"],"jetpack_publicize_connections":[],"jetpack_featured_media_url":"https:\/\/www.fass-berlin.de\/wp-content\/uploads\/2023\/07\/Artikel-Header_Pressemitteilung_Haase.jpg","jetpack_sharing_enabled":true,"jetpack_shortlink":"https:\/\/wp.me\/paiOCx-5oQ","jetpack_likes_enabled":true,"jetpack-related-posts":[],"_links":{"self":[{"href":"https:\/\/www.fass-berlin.de\/startseite\/wp-json\/wp\/v2\/posts\/20760","targetHints":{"allow":["GET"]}}],"collection":[{"href":"https:\/\/www.fass-berlin.de\/startseite\/wp-json\/wp\/v2\/posts"}],"about":[{"href":"https:\/\/www.fass-berlin.de\/startseite\/wp-json\/wp\/v2\/types\/post"}],"author":[{"embeddable":true,"href":"https:\/\/www.fass-berlin.de\/startseite\/wp-json\/wp\/v2\/users\/15"}],"replies":[{"embeddable":true,"href":"https:\/\/www.fass-berlin.de\/startseite\/wp-json\/wp\/v2\/comments?post=20760"}],"version-history":[{"count":4,"href":"https:\/\/www.fass-berlin.de\/startseite\/wp-json\/wp\/v2\/posts\/20760\/revisions"}],"predecessor-version":[{"id":20765,"href":"https:\/\/www.fass-berlin.de\/startseite\/wp-json\/wp\/v2\/posts\/20760\/revisions\/20765"}],"wp:featuredmedia":[{"embeddable":true,"href":"https:\/\/www.fass-berlin.de\/startseite\/wp-json\/wp\/v2\/media\/20761"}],"wp:attachment":[{"href":"https:\/\/www.fass-berlin.de\/startseite\/wp-json\/wp\/v2\/media?parent=20760"}],"wp:term":[{"taxonomy":"category","embeddable":true,"href":"https:\/\/www.fass-berlin.de\/startseite\/wp-json\/wp\/v2\/categories?post=20760"},{"taxonomy":"post_tag","embeddable":true,"href":"https:\/\/www.fass-berlin.de\/startseite\/wp-json\/wp\/v2\/tags?post=20760"}],"curies":[{"name":"wp","href":"https:\/\/api.w.org\/{rel}","templated":true}]}}