{"id":21009,"date":"2023-09-22T13:36:21","date_gmt":"2023-09-22T11:36:21","guid":{"rendered":"https:\/\/www.fass-berlin.de\/startseite\/?p=21009"},"modified":"2023-09-22T13:36:21","modified_gmt":"2023-09-22T11:36:21","slug":"es-geht-los-start-der-regionalliga-ost-2023-24","status":"publish","type":"post","link":"https:\/\/www.fass-berlin.de\/startseite\/2023\/09\/22\/es-geht-los-start-der-regionalliga-ost-2023-24\/","title":{"rendered":"Es geht los &#8211; Start der Regionalliga Ost 2023\/24"},"content":{"rendered":"<p>Noch einmal schlafen: Mit drei Spielen startet die Regionalliga Ost an diesem Samstag (23.09.23) in die Saison 2023\/24. <strong>F\u00fcr FASS geht es um 19:00 Uhr bei den Eisb\u00e4ren Juniors im Wellblechpalast los.<\/strong> Tickets gibt es nur im <a href=\"https:\/\/www.eisbaeren-juniors.de\/tickets\/?fbclid=IwAR23x5sFXcv7WKMHN4GyKbU122YpwOdUdY2Zd5w_kCTW0jffawNdP7G4Vwo\">Online-Ticketshop<\/a> des Lokalrivalen. FASS freut sich in fremder Halle auf den Support seiner Fans, denn das erste Heimspiel gibt es erst in drei Wochen \ud83d\ude15.<span class=\"Apple-converted-space\">\u00a0<\/span><\/p>\n<p>Den <a href=\"https:\/\/www.fass-berlin.de\/startseite\/regionalliga-ost-2\/spielplan\/\">kompletten Spielplan unseres Teams findet Ihr hier<\/a>. Nutzt die Zeit f\u00fcr die <a href=\"https:\/\/www.fass-berlin.de\/startseite\/regionalliga-ost-2\/eintrittspreise\/\">Bestellung Eures Saisontickets<\/a>!<\/p>\n<h5>Die Liga<\/h5>\n<p>Neun Teams treten in der Regionalliga Ost an, darunter Landesliga-Aufsteiger SCC Adler und \u201eQuereinsteiger\u201c Luchse Lauterbach (letzte Saison Regionalliga West). Als Favoriten werden Titelverteidiger Chemnitz Crashers, die Sch\u00f6nheider W\u00f6lfe und unsere Mannschaft genannt. Au\u00dferdem sind Auftaktgegner Eisb\u00e4ren Juniors, Tornado Niesky, der ES Wei\u00dfwasser und der ESC Dresden dabei. Gespielt werden 26 Hauptrundenspiele, dann folgen im M\u00e4rz 2024 die Play-offs mit Viertelfinale, Halbfinale und Finale.<span class=\"Apple-converted-space\">\u00a0<\/span><\/p>\n<h5>Unsere Neuzug\u00e4nge<\/h5>\n<p>Der <a href=\"https:\/\/www.tagesspiegel.de\/sport\/regionalliga-ost-im-eishockey-henry-haase-kehrt-zu-seinen-wurzeln-zuruck-10500043.html\">\u201eTagesspiegel\u201c stellte gestern in seiner Saisonvorschau<\/a> unseren <a href=\"https:\/\/www.fass-berlin.de\/startseite\/player\/henry-haase\/\">Henry Haase<\/a> als \u201eneuen Star der Liga\u201c vor. Da wollen wir nicht widersprechen \ud83d\ude03. Mit der Erfahrung von 512 DEL-Spielen und acht L\u00e4nderspielen kommt dem 30j\u00e4hrigen Verteidiger eine Schl\u00fcsselrolle zu.<span class=\"Apple-converted-space\">\u00a0<\/span><\/p>\n<p>Headcoach Christopher Scholz zeigt sich aber auch mit den anderen Neuen zufrieden. Der Allrounder <a href=\"https:\/\/www.fass-berlin.de\/startseite\/player\/roberts-licitis\/\">Roberts Licitis<\/a> (27) wurde beim Test in Rostock gleich zum Spieler des Tages gek\u00fcrt. Auch Goalie <a href=\"https:\/\/www.fass-berlin.de\/startseite\/player\/soeren-thiem\/\">S\u00f6ren Thiem<\/a> (26) und Center <a href=\"https:\/\/www.fass-berlin.de\/startseite\/player\/dimitry-butasch\/\">Dimitry Butasch<\/a> (27) machten eine sehr gute Figur.<span class=\"Apple-converted-space\">\u00a0<\/span><\/p>\n<p>Dazu kommen Felix Kaaden (Tor), <a href=\"https:\/\/www.fass-berlin.de\/startseite\/player\/jakob-altmann\/\">Jakob Altmann<\/a> (Defense) und Philipp Renz (Angriff, alle 17), die sich \u00fcber den eigenen Nachwuchs und die 1b-Mannschaft f\u00fcr h\u00f6here Aufgaben empfohlen haben.<span class=\"Apple-converted-space\">\u00a0<\/span><\/p>\n<h5>Der Kader f\u00fcrs Wochenende<span class=\"Apple-converted-space\">\u00a0<\/span><\/h5>\n<p>Im Vergleich zum Test in Rostock sind <a href=\"https:\/\/www.fass-berlin.de\/startseite\/player\/nico-jentzsch\/\">Nico Jentzsch<\/a>, <a href=\"https:\/\/www.fass-berlin.de\/startseite\/player\/stefan-freunschlag\/\">Stefan Freunschlag<\/a>, Philipp Renz (alle Angriff) und <a href=\"https:\/\/www.fass-berlin.de\/startseite\/player\/jakob-altmann\/\">Jakob Altmann<\/a> wieder dabei. David Levin und Felix Kaaden fallen aus.<span class=\"Apple-converted-space\">\u00a0<\/span><\/p>\n<p>G | Hoffmann, Thiem<\/p>\n<p>D | Haase, Miethke, Prei\u00df, Wild, Babinsky, Pilz, Altmann<\/p>\n<p>F | Kubail, Butasch, Fiedler, Renz, Noack, Volynec, Weihrauch, Merk, Braun, Jentzsch, Licitis, Freunschlag<span class=\"Apple-converted-space\">\u00a0<\/span><\/p>\n<h5>Der Gegner<\/h5>\n<p>Die Eisb\u00e4ren Juniors belegten in der Vorsaison den f\u00fcnften Rang in der Hauptrunde und schafften den Sprung ins Halbfinale, wo sie von den Sch\u00f6nheider W\u00f6lfen in zwei Spielen ausgeschaltet wurden.<span class=\"Apple-converted-space\">\u00a0<\/span><\/p>\n<p>Im Sommer hatten einige Beobachter einen gr\u00f6\u00dferen Aderlass in Richtung des Aufsteigers aus Charlottenburg erwartet, der aber ausblieb. Die Verantwortlichen waren erfolgreich bem\u00fcht, dem Kader mehr Tiefe zu geben. Einer der Neuen trug letztes Jahr noch das FASS-Trikot, und so gibt es gleich ein Wiedersehen mit Felix K\u00fcbler.<span class=\"Apple-converted-space\">\u00a0<\/span><\/p>\n<p>Die Eisb\u00e4ren Juniors leisten bekanntlich im Zusammenwirken mit dem SLZB eine hervorragende Nachwuchsarbeit (U20: Deutscher Meister 2022; U17: Deutscher Meister 2023). An Spieltagen, an denen Regio-Trainer Andreas Gensel Zugriff auf diese Talente hat, m\u00fcssen die Gegner auch mal auf \u00dcberraschungen gefasst sein.<span class=\"Apple-converted-space\">\u00a0<\/span><\/p>\n<p>Unsere \u201eewige\u201c Bilanz gegen die Eisb\u00e4ren Juniors (das erste Spiel fand 1998 statt) weist 15 Siege und 9 Niederlagen bei 102:97 Toren auf. Seit 2019 konnte FASS alle 11 Spiele gegen den Lokalrivalen gewinnen (was gegen keinen anderen Gegner in der Liga gelang).<span class=\"Apple-converted-space\">\u00a0<\/span><\/p>\n<p>Foto: Philipp Knop<\/p>\n","protected":false},"excerpt":{"rendered":"<p>Noch einmal schlafen: Mit drei Spielen startet die Regionalliga Ost an diesem Samstag (23.09.23) in die Saison 2023\/24. F\u00fcr FASS geht es um 19:00 Uhr bei den Eisb\u00e4ren Juniors im Wellblechpalast los. Tickets gibt es nur im Online-Ticketshop des Lokalrivalen. FASS freut sich in fremder Halle auf den Support seiner Fans, denn das erste Heimspiel [&hellip;]<\/p>\n","protected":false},"author":15,"featured_media":21012,"comment_status":"open","ping_status":"open","sticky":false,"template":"","format":"standard","meta":{"_exactmetrics_skip_tracking":false,"_exactmetrics_sitenote_active":false,"_exactmetrics_sitenote_note":"","_exactmetrics_sitenote_category":0,"jetpack_post_was_ever_published":false,"_jetpack_newsletter_access":"","_jetpack_dont_email_post_to_subs":false,"_jetpack_newsletter_tier_id":0,"_jetpack_memberships_contains_paywalled_content":false,"_jetpack_memberships_contains_paid_content":false,"footnotes":"","jetpack_publicize_message":"","jetpack_publicize_feature_enabled":true,"jetpack_social_post_already_shared":true,"jetpack_social_options":{"image_generator_settings":{"template":"highway","default_image_id":0,"font":"","enabled":false},"version":2}},"categories":[50],"tags":[],"class_list":["post-21009","post","type-post","status-publish","format-standard","has-post-thumbnail","hentry","category-regionalliga-ost"],"jetpack_publicize_connections":[],"jetpack_featured_media_url":"https:\/\/www.fass-berlin.de\/wp-content\/uploads\/2023\/09\/FASS-Training-2-49-scaled-e1695380595477.jpeg","jetpack_sharing_enabled":true,"jetpack_shortlink":"https:\/\/wp.me\/paiOCx-5sR","jetpack_likes_enabled":true,"jetpack-related-posts":[],"_links":{"self":[{"href":"https:\/\/www.fass-berlin.de\/startseite\/wp-json\/wp\/v2\/posts\/21009","targetHints":{"allow":["GET"]}}],"collection":[{"href":"https:\/\/www.fass-berlin.de\/startseite\/wp-json\/wp\/v2\/posts"}],"about":[{"href":"https:\/\/www.fass-berlin.de\/startseite\/wp-json\/wp\/v2\/types\/post"}],"author":[{"embeddable":true,"href":"https:\/\/www.fass-berlin.de\/startseite\/wp-json\/wp\/v2\/users\/15"}],"replies":[{"embeddable":true,"href":"https:\/\/www.fass-berlin.de\/startseite\/wp-json\/wp\/v2\/comments?post=21009"}],"version-history":[{"count":3,"href":"https:\/\/www.fass-berlin.de\/startseite\/wp-json\/wp\/v2\/posts\/21009\/revisions"}],"predecessor-version":[{"id":21013,"href":"https:\/\/www.fass-berlin.de\/startseite\/wp-json\/wp\/v2\/posts\/21009\/revisions\/21013"}],"wp:featuredmedia":[{"embeddable":true,"href":"https:\/\/www.fass-berlin.de\/startseite\/wp-json\/wp\/v2\/media\/21012"}],"wp:attachment":[{"href":"https:\/\/www.fass-berlin.de\/startseite\/wp-json\/wp\/v2\/media?parent=21009"}],"wp:term":[{"taxonomy":"category","embeddable":true,"href":"https:\/\/www.fass-berlin.de\/startseite\/wp-json\/wp\/v2\/categories?post=21009"},{"taxonomy":"post_tag","embeddable":true,"href":"https:\/\/www.fass-berlin.de\/startseite\/wp-json\/wp\/v2\/tags?post=21009"}],"curies":[{"name":"wp","href":"https:\/\/api.w.org\/{rel}","templated":true}]}}