{"id":21060,"date":"2023-09-30T20:36:01","date_gmt":"2023-09-30T18:36:01","guid":{"rendered":"https:\/\/www.fass-berlin.de\/startseite\/?p=21060"},"modified":"2023-10-02T11:54:48","modified_gmt":"2023-10-02T09:54:48","slug":"klarer-sieg-in-charlottenburg","status":"publish","type":"post","link":"https:\/\/www.fass-berlin.de\/startseite\/2023\/09\/30\/klarer-sieg-in-charlottenburg\/","title":{"rendered":"Klarer Sieg in Charlottenburg"},"content":{"rendered":"<p>FASS Berlin gewinnt auch das zweite Derby der Saison 2023\/24. Beim Aufsteiger SCC Adler gelang ein klarer <a href=\"https:\/\/www.fass-berlin.de\/startseite\/event\/20824\/\">0:15 (0:5, 0:7, 0:3)-Erfolg<\/a>. Damit setzt sich FASS an die <a href=\"https:\/\/www.fass-berlin.de\/startseite\/regionalliga-ost-2\/regionalliga-ost-2023-24\/\">Tabellenspitze der Regionalliga Ost<\/a> und unterstreicht eindrucksvoll den eigenen Anspruch, die klare Nummer 2 im Hauptstadt-Eishockey zu sein.<\/p>\n<h5>Das Team<\/h5>\n<p>Headcoach Christopher Scholz musste mit Felix Braun und Dimitry Butasch auf zwei Stammkr\u00e4fte verzichten. Dennoch agierten die Nordberliner konsequent mit vier Bl\u00f6cken, wobei <a href=\"https:\/\/www.fass-berlin.de\/startseite\/player\/tom-fiedler\/\">Tom Fiedler<\/a> und <a href=\"https:\/\/www.fass-berlin.de\/startseite\/player\/gregor-kubail\/\">Gregor Kubail<\/a> (sowie im letzten Drittel <a href=\"https:\/\/www.fass-berlin.de\/startseite\/player\/stefan-freunschlag\/\">Stefan Freunschlag<\/a>) Doppelschichten schoben. Im Tor stand diesmal <a href=\"https:\/\/www.fass-berlin.de\/startseite\/player\/hoffmannpatrick\/\">Patrick Hoffmann<\/a>.<\/p>\n<h5>Das Spiel<\/h5>\n<p>Die Geschichte der Partie ist schnell erz\u00e4hlt. Bereits nach gut drei Minuten hatten Daniel Volynec, <a href=\"https:\/\/www.fass-berlin.de\/startseite\/player\/roberts-licitis\/\">Roberts Licitis<\/a> und Stefan Freunschlag eine 0:3-F\u00fchrung herausgeschossen, und die Partie war eigentlich gelaufen. FASS blieb \u00fcber 60 Minuten dr\u00fcckend \u00fcberlegen, w\u00e4hrend sich die Gastgeber selten aus dem eigenen Verteidigungsdrittel befreien konnten. So fielen die Treffer fast zwangsl\u00e4ufig, auch wenn sich die beiden SCC-Keeper Mannchen und Sturm wiederholt mit guten Paraden auszeichnen konnten.<\/p>\n<p>Einen starken Eindruck hinterlie\u00df erneut Goalgetter Daniel Volynec, der jetzt nach zwei Spielen bereits sieben Treffer auf dem Konto hat. Auch <a href=\"https:\/\/www.fass-berlin.de\/startseite\/player\/dennis-merk\/\">Dennis Merk<\/a> konnte sich in seinem 200. Spiel f\u00fcr FASS (Rekordspieler im aktuellen Kader) auszeichnen und traf dreifach. Zwei Treffer erzielte der hellwache\u00a0<a href=\"https:\/\/www.fass-berlin.de\/startseite\/player\/luis-noack\/\">Luis Noack<\/a>. Bestnoten verdienten sich in einem homogenen Team au\u00dferdem die beiden vielbesch\u00e4ftigten Center Tom Fiedler (sieben Assists!) und Gregor Kubail sowie Goalie Patrick Hoffmann, der bei den wenigen Kontern der Charlottenburgern auf dem Posten war.<\/p>\n<h5>N\u00e4chstes Wochenende<\/h5>\n<p>FASS reist am kommenden Wochenende (07.10.23, 19:00 Uhr) nach Osthessen und trifft dort auf die Luchse Lauterbach, die ebenfalls mit einem Sieg gestartet sind. Dies wird wahrscheinlich der bisher schwerste Pr\u00fcfstein in der noch jungen Saison.<\/p>\n<h5>Statistik<\/h5>\n<p><strong>FASS Berlin<\/strong>: Hoffmann (Thiem) &#8211; Haase, Babinsky; Wild, Miethke; Pilz, Prei\u00df; Levin, Altmann &#8211; Jentzsch, Fiedler, Merk; Volynec, Kubail, Freunschlag; Noack, Licitis; Weihrauch, Renz.<br \/>\n<strong>Tore<\/strong>:<br \/>\n0:1 (00:53) <strong>Volynec<\/strong> (Kubail), 0:2 (01:53) <strong>Licitis<\/strong> (Fiedler, Prei\u00df), 0:3 (03:13) <strong>Freunschlag<\/strong> (Fiedler, Miethke), 0:4 (07:41) <strong>Merk<\/strong> (Jentzsch, Haase), 0:5 (19:29) <strong>Volynec<\/strong> (Kubail);<br \/>\n0:6 (20:56) <strong>Merk<\/strong> (Fiedler, Babinsky), 0:7 (23:14) <strong>Kubail<\/strong> (Fiedler, Volynec) PP1, 0:8 (27:04) <strong>Noack<\/strong> (Merk, Jentzsch) PP1, 0:9 (28:29) <strong>Kubail<\/strong> (Jentzsch, Haase), 0:10 (28:40) <strong>Freunschlag<\/strong> (Fiedler, Volynec), 0:11 (32:22) <strong>Volynec<\/strong> (Kubail, Babinsky), 0:12 (33:19) <strong>Volynec<\/strong> (Freunschlag, Wild);<br \/>\n0:13 (40:28) <strong>Merk<\/strong> (Babinsky, Fiedler), 0:14 (55:07) <strong>Jentzsch<\/strong> (Merk), 0:15 (56:38) <strong>Noack<\/strong> (Fiedler, Licitis).<br \/>\n<strong>Schiedsrichter<\/strong>: Hecker &#8211; Kr\u00fcger, Niedermeyer.<br \/>\n<strong>Strafen<\/strong>: Adler 8, FASS 2.<br \/>\n<strong>Zuschauer<\/strong>: 148.<br \/>\n<strong>Torsch\u00fcsse<\/strong>: 8-68.<br \/>\n<strong>Face-off<\/strong>: 20-49.<\/p>\n<p>Foto: Sinah Scholz<\/p>\n","protected":false},"excerpt":{"rendered":"<p>FASS Berlin gewinnt auch das zweite Derby der Saison 2023\/24. Beim Aufsteiger SCC Adler gelang ein klarer 0:15 (0:5, 0:7, 0:3)-Erfolg. Damit setzt sich FASS an die Tabellenspitze der Regionalliga Ost und unterstreicht eindrucksvoll den eigenen Anspruch, die klare Nummer 2 im Hauptstadt-Eishockey zu sein. Das Team Headcoach Christopher Scholz musste mit Felix Braun und [&hellip;]<\/p>\n","protected":false},"author":15,"featured_media":21062,"comment_status":"open","ping_status":"open","sticky":false,"template":"","format":"standard","meta":{"_exactmetrics_skip_tracking":false,"_exactmetrics_sitenote_active":false,"_exactmetrics_sitenote_note":"","_exactmetrics_sitenote_category":0,"jetpack_post_was_ever_published":false,"_jetpack_newsletter_access":"","_jetpack_dont_email_post_to_subs":false,"_jetpack_newsletter_tier_id":0,"_jetpack_memberships_contains_paywalled_content":false,"_jetpack_memberships_contains_paid_content":false,"footnotes":"","jetpack_publicize_message":"","jetpack_publicize_feature_enabled":true,"jetpack_social_post_already_shared":true,"jetpack_social_options":{"image_generator_settings":{"template":"highway","default_image_id":0,"font":"","enabled":false},"version":2}},"categories":[50],"tags":[],"class_list":["post-21060","post","type-post","status-publish","format-standard","has-post-thumbnail","hentry","category-regionalliga-ost"],"jetpack_publicize_connections":[],"jetpack_featured_media_url":"https:\/\/www.fass-berlin.de\/wp-content\/uploads\/2023\/09\/@SCC-Adler.jpg","jetpack_sharing_enabled":true,"jetpack_shortlink":"https:\/\/wp.me\/paiOCx-5tG","jetpack_likes_enabled":true,"jetpack-related-posts":[],"_links":{"self":[{"href":"https:\/\/www.fass-berlin.de\/startseite\/wp-json\/wp\/v2\/posts\/21060","targetHints":{"allow":["GET"]}}],"collection":[{"href":"https:\/\/www.fass-berlin.de\/startseite\/wp-json\/wp\/v2\/posts"}],"about":[{"href":"https:\/\/www.fass-berlin.de\/startseite\/wp-json\/wp\/v2\/types\/post"}],"author":[{"embeddable":true,"href":"https:\/\/www.fass-berlin.de\/startseite\/wp-json\/wp\/v2\/users\/15"}],"replies":[{"embeddable":true,"href":"https:\/\/www.fass-berlin.de\/startseite\/wp-json\/wp\/v2\/comments?post=21060"}],"version-history":[{"count":4,"href":"https:\/\/www.fass-berlin.de\/startseite\/wp-json\/wp\/v2\/posts\/21060\/revisions"}],"predecessor-version":[{"id":21070,"href":"https:\/\/www.fass-berlin.de\/startseite\/wp-json\/wp\/v2\/posts\/21060\/revisions\/21070"}],"wp:featuredmedia":[{"embeddable":true,"href":"https:\/\/www.fass-berlin.de\/startseite\/wp-json\/wp\/v2\/media\/21062"}],"wp:attachment":[{"href":"https:\/\/www.fass-berlin.de\/startseite\/wp-json\/wp\/v2\/media?parent=21060"}],"wp:term":[{"taxonomy":"category","embeddable":true,"href":"https:\/\/www.fass-berlin.de\/startseite\/wp-json\/wp\/v2\/categories?post=21060"},{"taxonomy":"post_tag","embeddable":true,"href":"https:\/\/www.fass-berlin.de\/startseite\/wp-json\/wp\/v2\/tags?post=21060"}],"curies":[{"name":"wp","href":"https:\/\/api.w.org\/{rel}","templated":true}]}}