{"id":21325,"date":"2023-12-09T14:04:34","date_gmt":"2023-12-09T13:04:34","guid":{"rendered":"https:\/\/www.fass-berlin.de\/startseite\/?p=21325"},"modified":"2023-12-09T14:04:34","modified_gmt":"2023-12-09T13:04:34","slug":"weisswasser-die-dritte","status":"publish","type":"post","link":"https:\/\/www.fass-berlin.de\/startseite\/2023\/12\/09\/weisswasser-die-dritte\/","title":{"rendered":"Wei\u00dfwasser die Dritte"},"content":{"rendered":"<p>Weiter geht die Punktejagd f\u00fcr FASS Berlin. Kurioserweise sieht der Spielplan alle drei Spiele gegen den ES Wei\u00dfwasser hintereinander vor, und so geht die Fahrt f\u00fcr die Nordberliner am Sonntag (10.12.23, 16:15 Uhr) erneut in die Lausitz. Nach den beiden Siegen am letzten Wochenende (12:1, 8:4) nehmen Headcoach Christopher Scholz und sein Team erneut drei Punkte ins Visier.<\/p>\n<p>Die personellen Voraussetzungen verbessern sich dabei langsam. <a href=\"https:\/\/www.fass-berlin.de\/startseite\/player\/dimitry-butasch\/\">Dimitry Butasch<\/a> (nach Krankheit) und <a href=\"https:\/\/www.fass-berlin.de\/startseite\/player\/niklas-weihrauch\/\">Niklas Weihrauch<\/a> (nach Sperre) stehen wieder im Team. Es fehlen weiter Markus Babinsky (Oberk\u00f6rper), Nico Jentzsch, Patrick Prei\u00df (beide Unterk\u00f6rper) und S\u00f6ren Thiem (krank). Zwei der Spieler haben jedoch am Donnerstag erstmals wieder auf dem Eis gestanden, so dass sich die Personallage in den n\u00e4chsten Wochen hoffentlich weiter entspannt.<\/p>\n<p>Am letzten Wochenende konnte besonders die Angriffsreihe um Center <a href=\"https:\/\/www.fass-berlin.de\/startseite\/player\/gregor-kubail\/\">Gregor Kubail<\/a> auftrumpfen, der sich in der <a href=\"https:\/\/www.fass-berlin.de\/startseite\/regionalliga-ost-2\/scorerliste\/\">ligaweiten Scorerliste auf Rang 2 vorgearbeitet<\/a> hat. Linksau\u00dfen <a href=\"https:\/\/www.fass-berlin.de\/startseite\/player\/daniel-volynec\/\">Daniel Volynec<\/a> ist mit 18 Treffern weiter der erfolgreichste Torj\u00e4ger der Regionalliga Ost. Rechtsau\u00dfen <a href=\"https:\/\/www.fass-berlin.de\/startseite\/player\/felix-braun\/\">Felix Braun<\/a> kommt nach verhaltenem Start immer besser in Schwung und hat jetzt auch das n\u00f6tige Scheibengl\u00fcck. Nat\u00fcrlich w\u00fcnschen sich die FASS-Anh\u00e4nger, dass sich der Lauf auch beim dritten Duell gegen Wei\u00dfwasser fortsetzt.<\/p>\n<h5>Der Gegner<\/h5>\n<p>Die Lausitzer Jungf\u00fcchse belegen derzeit den siebten Tabellenplatz, was sicherlich unterhalb der Erwartungen liegt. Jetzt m\u00fcssen sie noch den Abgang ihres Trainers Marco Ludwig verkraften, der in die Oberliga S\u00fcd zu den Stuttgart Rebels gewechselt ist. Die <a href=\"https:\/\/youtu.be\/EZFMhYWBQMI\">Pressekonferenz am letzten Sonntag<\/a> war seine letzte Amtshandlung. Seine Aufgaben werden sich Ex-Profi J\u00f6rg Wartenberg und Sportdirektor Sebastian Wolsch teilen. Bei FASS weckt das ungute Erinnerungen, denn bei der 8:4-Niederlage vor gut einem Jahr hatte ebenfalls Wolsch an der Bande gestanden.<\/p>\n<p>Beide Teams treffen zum 19. Mal aufeinander. Die Bilanz spricht mit elf Siegen und sieben Niederlagen sowie 97:80 Toren f\u00fcr FASS. Seit dem Wiedereinstieg der Jungf\u00fcchsen 2020 (sie waren auch zwischen 1998 und 2005 in der Regionalliga dabei) ist die Bilanz f\u00fcr die Nordberliner noch freundlicher. Allerdings gab es in den beiden letzten Spielzeiten jeweils eine Niederlage in Wei\u00dfwasser. FASS ist also gewarnt.<\/p>\n<p>Foto: Philipp Knop<\/p>\n","protected":false},"excerpt":{"rendered":"<p>Weiter geht die Punktejagd f\u00fcr FASS Berlin. Kurioserweise sieht der Spielplan alle drei Spiele gegen den ES Wei\u00dfwasser hintereinander vor, und so geht die Fahrt f\u00fcr die Nordberliner am Sonntag (10.12.23, 16:15 Uhr) erneut in die Lausitz. Nach den beiden Siegen am letzten Wochenende (12:1, 8:4) nehmen Headcoach Christopher Scholz und sein Team erneut drei [&hellip;]<\/p>\n","protected":false},"author":15,"featured_media":21328,"comment_status":"open","ping_status":"open","sticky":false,"template":"","format":"standard","meta":{"_exactmetrics_skip_tracking":false,"_exactmetrics_sitenote_active":false,"_exactmetrics_sitenote_note":"","_exactmetrics_sitenote_category":0,"jetpack_post_was_ever_published":false,"_jetpack_newsletter_access":"","_jetpack_dont_email_post_to_subs":false,"_jetpack_newsletter_tier_id":0,"_jetpack_memberships_contains_paywalled_content":false,"_jetpack_memberships_contains_paid_content":false,"footnotes":"","jetpack_publicize_message":"","jetpack_publicize_feature_enabled":true,"jetpack_social_post_already_shared":true,"jetpack_social_options":{"image_generator_settings":{"template":"highway","default_image_id":0,"font":"","enabled":false},"version":2}},"categories":[50],"tags":[],"class_list":["post-21325","post","type-post","status-publish","format-standard","has-post-thumbnail","hentry","category-regionalliga-ost"],"jetpack_publicize_connections":[],"jetpack_featured_media_url":"https:\/\/www.fass-berlin.de\/wp-content\/uploads\/2023\/12\/FASS-Weisswasser-141-scaled.jpeg","jetpack_sharing_enabled":true,"jetpack_shortlink":"https:\/\/wp.me\/paiOCx-5xX","jetpack_likes_enabled":true,"jetpack-related-posts":[],"_links":{"self":[{"href":"https:\/\/www.fass-berlin.de\/startseite\/wp-json\/wp\/v2\/posts\/21325","targetHints":{"allow":["GET"]}}],"collection":[{"href":"https:\/\/www.fass-berlin.de\/startseite\/wp-json\/wp\/v2\/posts"}],"about":[{"href":"https:\/\/www.fass-berlin.de\/startseite\/wp-json\/wp\/v2\/types\/post"}],"author":[{"embeddable":true,"href":"https:\/\/www.fass-berlin.de\/startseite\/wp-json\/wp\/v2\/users\/15"}],"replies":[{"embeddable":true,"href":"https:\/\/www.fass-berlin.de\/startseite\/wp-json\/wp\/v2\/comments?post=21325"}],"version-history":[{"count":3,"href":"https:\/\/www.fass-berlin.de\/startseite\/wp-json\/wp\/v2\/posts\/21325\/revisions"}],"predecessor-version":[{"id":21329,"href":"https:\/\/www.fass-berlin.de\/startseite\/wp-json\/wp\/v2\/posts\/21325\/revisions\/21329"}],"wp:featuredmedia":[{"embeddable":true,"href":"https:\/\/www.fass-berlin.de\/startseite\/wp-json\/wp\/v2\/media\/21328"}],"wp:attachment":[{"href":"https:\/\/www.fass-berlin.de\/startseite\/wp-json\/wp\/v2\/media?parent=21325"}],"wp:term":[{"taxonomy":"category","embeddable":true,"href":"https:\/\/www.fass-berlin.de\/startseite\/wp-json\/wp\/v2\/categories?post=21325"},{"taxonomy":"post_tag","embeddable":true,"href":"https:\/\/www.fass-berlin.de\/startseite\/wp-json\/wp\/v2\/tags?post=21325"}],"curies":[{"name":"wp","href":"https:\/\/api.w.org\/{rel}","templated":true}]}}