{"id":21330,"date":"2023-12-10T15:14:53","date_gmt":"2023-12-10T14:14:53","guid":{"rendered":"https:\/\/www.fass-berlin.de\/startseite\/?p=21330"},"modified":"2024-01-08T05:49:39","modified_gmt":"2024-01-08T04:49:39","slug":"allstars-gewinnen-saisoneroeffnungsspiel","status":"publish","type":"post","link":"https:\/\/www.fass-berlin.de\/startseite\/2023\/12\/10\/allstars-gewinnen-saisoneroeffnungsspiel\/","title":{"rendered":"Allstars gewinnen Saisoner\u00f6ffnungsspiel"},"content":{"rendered":"<div>\n<p>Vier Tore fielen im ersten Spiel der Landesligasaison 2023\/24. Die 1b von FASS Berlin unterlag im Vereinsduell den Allstars mit 1:3 (1:0, 0:0, 0:3).<\/p>\n<\/div>\n<div>\n<p>Die 1b hatte wieder einige neue Nachwuchsspieler im Kader, bei den Allstars gibt es vier Neuzug\u00e4nge, darunter mit Nils Watzke der langj\u00e4hrige Kapit\u00e4n der Ersten Mannschaft. Favorit waren sicherlich die Allstars, allerdings hatten bekanntlich alle Landesligisten nur wenig Training und so d\u00fcrfte es f\u00fcr alle Teams zu Saisonbeginn Probleme geben.<\/p>\n<\/div>\n<div>\n<p>Beide gingen mit einigen Neuzug\u00e4ngen ins Spiel. Mit jeweils 15 Feldspielern gingen beide in diese Partei, Felix Kaaden bei der 1b und bei den Allstars Damon Bonness starteten im Tor.<\/p>\n<\/div>\n<div>\n<p>Mit leichten Vorteilen f\u00fcr die Allstars begann diese Partie und nach drei Minuten kamen sie zum ersten Powerplay der Saison, Henning R\u00f6themeier kassierte die erste Strafe der neuen Saison. Kaum komplett, durfte sich auch die 1b mit einem Spieler mehr versuchen und das brachte den ersten Treffer der Saison. Julian Wagner war f\u00fcr den Gastgeber erfolgreich und so stand es nach sechs Minuten 1:0. Abwechslungsreich ging es bis zur Pause weiter, beide Torh\u00fcter lie\u00dfen aber keinen Puck mehr durch und so blieb es beim 1:0.<\/p>\n<\/div>\n<div>\n<p>Abwechslungsreich ging es im zweiten Drittel weiter, wieder gab es einige gute Torchancen. Pech hatte die 1b nach 32 Minuten, ein Schuss landete am Pfosten. Ins Tor wollte der Puck im zweiten Drittel nicht und so blieb es beim knappen 1:0.<\/p>\n<\/div>\n<div>\n<p>Die 1b stand auch im letzten Drittel gut, auch wenn der Druck der Allstars immer mehr zunahm. Ihre Konter sorgte immer f\u00fcr Gefahr und so sah das Spiel auch im letzten Drittel gut aus. Nach 48 Minuten gelang den Allstars doch der Ausgleich, in \u00dcberzahl traf Andreas Dimbat. Es ging weiter hoch her, bei Chancen auf beiden Seiten. Nach 55 Minuten konnten die Allstars in F\u00fchrung gehen. J\u00f6rn Kugler f\u00e4lschte einen Schuss von Benjamin Salzmann unhaltbar ab und so hatten die Allstars das Spiel gedreht. Es blieb spannend,und 94 Sekunden vor dem Ende riskierte die 1b alles, der Torh\u00fcter wurde gezogen. Doch es half nichts. 30 Sekunden vor der Sirene chippte Lucien Aicher den Puck zum 1:3 ins Tor. So setzten sich am Ende die Allstars doch noch durch.<\/p>\n<\/div>\n<div>\n<p>In Anbetracht der Umst\u00e4nde bis zum Saisonstart war es schon ein gutes Spiel, nat\u00fcrlich gibt es bei beiden Teams noch Verbesserungsbedarf. Die 1b hatte sehr gute Chancen, das Spiel zu entscheiden. Am Ende setzte sich dann doch die Erfahrung durch.<\/p>\n<\/div>\n<div>\n<p><strong>Schiedsrichter<\/strong>: Hecker, Brugger.<br \/>\n<strong>Strafen<\/strong>: FASS 1b 10 (4\/2\/4), Allstars 8 (6\/2\/0).<br \/>\n<strong>Tore<\/strong>:<br \/>\n1:0 (06:36) <strong>Wagner<\/strong> (Nygren, Fa. M\u00fcller) PP1;<br \/>\n1:1 (47:32) <strong>Dimbat<\/strong> (Joecks) PP1, 1:2 (54:36) <strong>Kugler<\/strong> (Salzmann), 1:3 (59:30) <strong>Aicher<\/strong> (Krautz) ENG.<\/p>\n<\/div>\n","protected":false},"excerpt":{"rendered":"<p>Vier Tore fielen im ersten Spiel der Landesligasaison 2023\/24. Die 1b von FASS Berlin unterlag im Vereinsduell den Allstars mit 1:3 (1:0, 0:0, 0:3). Die 1b hatte wieder einige neue Nachwuchsspieler im Kader, bei den Allstars gibt es vier Neuzug\u00e4nge, darunter mit Nils Watzke der langj\u00e4hrige Kapit\u00e4n der Ersten Mannschaft. Favorit waren sicherlich die Allstars, [&hellip;]<\/p>\n","protected":false},"author":9,"featured_media":21331,"comment_status":"open","ping_status":"open","sticky":false,"template":"","format":"standard","meta":{"_exactmetrics_skip_tracking":false,"_exactmetrics_sitenote_active":false,"_exactmetrics_sitenote_note":"","_exactmetrics_sitenote_category":0,"jetpack_post_was_ever_published":false,"_jetpack_newsletter_access":"","_jetpack_dont_email_post_to_subs":false,"_jetpack_newsletter_tier_id":0,"_jetpack_memberships_contains_paywalled_content":false,"_jetpack_memberships_contains_paid_content":false,"footnotes":"","jetpack_publicize_message":"","jetpack_publicize_feature_enabled":true,"jetpack_social_post_already_shared":true,"jetpack_social_options":{"image_generator_settings":{"template":"highway","default_image_id":0,"font":"","enabled":false},"version":2}},"categories":[809],"tags":[],"class_list":["post-21330","post","type-post","status-publish","format-standard","has-post-thumbnail","hentry","category-landesliga-2"],"jetpack_publicize_connections":[],"jetpack_featured_media_url":"https:\/\/www.fass-berlin.de\/wp-content\/uploads\/2023\/12\/ll-004-e1702217672825.jpg","jetpack_sharing_enabled":true,"jetpack_shortlink":"https:\/\/wp.me\/paiOCx-5y2","jetpack_likes_enabled":true,"jetpack-related-posts":[],"_links":{"self":[{"href":"https:\/\/www.fass-berlin.de\/startseite\/wp-json\/wp\/v2\/posts\/21330","targetHints":{"allow":["GET"]}}],"collection":[{"href":"https:\/\/www.fass-berlin.de\/startseite\/wp-json\/wp\/v2\/posts"}],"about":[{"href":"https:\/\/www.fass-berlin.de\/startseite\/wp-json\/wp\/v2\/types\/post"}],"author":[{"embeddable":true,"href":"https:\/\/www.fass-berlin.de\/startseite\/wp-json\/wp\/v2\/users\/9"}],"replies":[{"embeddable":true,"href":"https:\/\/www.fass-berlin.de\/startseite\/wp-json\/wp\/v2\/comments?post=21330"}],"version-history":[{"count":1,"href":"https:\/\/www.fass-berlin.de\/startseite\/wp-json\/wp\/v2\/posts\/21330\/revisions"}],"predecessor-version":[{"id":21332,"href":"https:\/\/www.fass-berlin.de\/startseite\/wp-json\/wp\/v2\/posts\/21330\/revisions\/21332"}],"wp:featuredmedia":[{"embeddable":true,"href":"https:\/\/www.fass-berlin.de\/startseite\/wp-json\/wp\/v2\/media\/21331"}],"wp:attachment":[{"href":"https:\/\/www.fass-berlin.de\/startseite\/wp-json\/wp\/v2\/media?parent=21330"}],"wp:term":[{"taxonomy":"category","embeddable":true,"href":"https:\/\/www.fass-berlin.de\/startseite\/wp-json\/wp\/v2\/categories?post=21330"},{"taxonomy":"post_tag","embeddable":true,"href":"https:\/\/www.fass-berlin.de\/startseite\/wp-json\/wp\/v2\/tags?post=21330"}],"curies":[{"name":"wp","href":"https:\/\/api.w.org\/{rel}","templated":true}]}}