{"id":21678,"date":"2024-01-26T10:01:26","date_gmt":"2024-01-26T09:01:26","guid":{"rendered":"https:\/\/www.fass-berlin.de\/startseite\/?p=21678"},"modified":"2024-01-26T10:01:26","modified_gmt":"2024-01-26T09:01:26","slug":"gipfeltreffen-in-schoenheide","status":"publish","type":"post","link":"https:\/\/www.fass-berlin.de\/startseite\/2024\/01\/26\/gipfeltreffen-in-schoenheide\/","title":{"rendered":"Gipfeltreffen in Sch\u00f6nheide"},"content":{"rendered":"<p>Am Sonntag (28.01.24, 16:00 Uhr) treffen die beiden aktuell st\u00e4rksten Teams der Regionalliga Ost aufeinander, wenn FASS Berlin zu den Sch\u00f6nheider W\u00f6lfen reist.<\/p>\n<p><a href=\"https:\/\/www.fass-berlin.de\/startseite\/regionalliga-ost-2\/regionalliga-ost-2023-24\/\">FASS f\u00fchrt die Tabelle an<\/a> mit vier Punkten Vorsprung auf den Zweiten Sch\u00f6nheide. Noch sechs Spiele sind in der Hauptrunde zu absolvieren. Daraus folgt: Mit einem Ausw\u00e4rtssieg w\u00e4ren die Berliner kaum noch vom ersten Tabellenplatz zu verdr\u00e4ngen. Bei einem Sieg von Sch\u00f6nheide steigt der Showdown voraussichtlich am vorletzten Spieltag (17.02.24, 19:00 Uhr), wenn FASS die W\u00f6lfe im Erika-He\u00df-Eisstadion empfangen wird.<\/p>\n<p>FASS kommt aus einem Sechs-Punkte-Wochenende mit <a href=\"https:\/\/youtu.be\/80zSi6UNkX4\">Siegen gegen Tornado Niesky<\/a> und <a href=\"https:\/\/youtu.be\/y8ytstJYDMY\">bei den Luchsen Lauterbach<\/a>. In Osthessen musste Headcoach Christopher Scholz auf sechs Stammkr\u00e4fte verzichten. &#8222;Das Team hat die Ausf\u00e4lle phantastisch kompensiert und mit einer kompakten Mannschaftsleistung den Sieg erzwungen&#8220;, freut sich Scholz. &#8222;In Sch\u00f6nheide erwartet uns aber eine noch h\u00f6here H\u00fcrde.&#8220;<\/p>\n<p>Die Sch\u00f6nheider W\u00f6lfe bieten auch in dieser Saison wieder einen Elite-Kader auf, der noch st\u00e4rker als im Vorjahr einzusch\u00e4tzen ist. Allerdings leidet das Team unter einer langwierigen Verletzung ihres Leaders Kilian Gl\u00fcck. Dies hielt die W\u00f6lfe allerdings nicht von einer imposanten Serie von 14 Siegen ab, die erst von Lauterbach gestoppt wurde. W\u00e4hrend man ausw\u00e4rts schon neun Punkte abgegeben hat, ist Sch\u00f6nheide im heimischen Wolfsbau eine Macht: Alle elf Heimspiele wurden mit mindestens drei Toren Unterschied gewonnen, achtmal wurden dem Gegner neun oder mehr Tore eingeschenkt. Auch FASS ist in der Vergangenheit schon mehrfach in Sch\u00f6nheide unter die R\u00e4der gekommen; das Team wei\u00df also, was es erwartet.<\/p>\n<p>Am Samstag (27.01.24) haben die Fans Gelegenheit, am Stand unseres Hauptsponsors KUKKO auf der Gr\u00fcnen Woche (Messehalle 8.2) einige ihrer Stars hautnah zu erleben. Zwischen 10 und 12 Uhr sind <a href=\"https:\/\/www.fass-berlin.de\/startseite\/player\/henry-haase\/\">Henry Haase<\/a>, <a href=\"https:\/\/www.fass-berlin.de\/startseite\/player\/nico-jentzsch\/\">Nico Jentzsch<\/a> und <a href=\"https:\/\/www.fass-berlin.de\/startseite\/player\/niklas-pilz\/\">Niklas Pilz<\/a> dort anzutreffen und freuen sich auf Gespr\u00e4che mit Euch. Nat\u00fcrlich k\u00f6nnt ihr auch Autogramme der Spieler bekommen.<\/p>\n<p>Foto: Philipp Knop<\/p>\n","protected":false},"excerpt":{"rendered":"<p>Am Sonntag (28.01.24, 16:00 Uhr) treffen die beiden aktuell st\u00e4rksten Teams der Regionalliga Ost aufeinander, wenn FASS Berlin zu den Sch\u00f6nheider W\u00f6lfen reist. FASS f\u00fchrt die Tabelle an mit vier Punkten Vorsprung auf den Zweiten Sch\u00f6nheide. Noch sechs Spiele sind in der Hauptrunde zu absolvieren. Daraus folgt: Mit einem Ausw\u00e4rtssieg w\u00e4ren die Berliner kaum noch [&hellip;]<\/p>\n","protected":false},"author":15,"featured_media":21679,"comment_status":"open","ping_status":"open","sticky":false,"template":"","format":"standard","meta":{"_exactmetrics_skip_tracking":false,"_exactmetrics_sitenote_active":false,"_exactmetrics_sitenote_note":"","_exactmetrics_sitenote_category":0,"jetpack_post_was_ever_published":false,"_jetpack_newsletter_access":"","_jetpack_dont_email_post_to_subs":false,"_jetpack_newsletter_tier_id":0,"_jetpack_memberships_contains_paywalled_content":false,"_jetpack_memberships_contains_paid_content":false,"footnotes":"","jetpack_publicize_message":"","jetpack_publicize_feature_enabled":true,"jetpack_social_post_already_shared":true,"jetpack_social_options":{"image_generator_settings":{"template":"highway","default_image_id":0,"font":"","enabled":false},"version":2}},"categories":[50],"tags":[],"class_list":["post-21678","post","type-post","status-publish","format-standard","has-post-thumbnail","hentry","category-regionalliga-ost"],"jetpack_publicize_connections":[],"jetpack_featured_media_url":"https:\/\/www.fass-berlin.de\/wp-content\/uploads\/2024\/01\/FASS-Schoenheide-November-2023-200-scaled-e1706259445806.jpg","jetpack_sharing_enabled":true,"jetpack_shortlink":"https:\/\/wp.me\/paiOCx-5DE","jetpack_likes_enabled":true,"jetpack-related-posts":[],"_links":{"self":[{"href":"https:\/\/www.fass-berlin.de\/startseite\/wp-json\/wp\/v2\/posts\/21678","targetHints":{"allow":["GET"]}}],"collection":[{"href":"https:\/\/www.fass-berlin.de\/startseite\/wp-json\/wp\/v2\/posts"}],"about":[{"href":"https:\/\/www.fass-berlin.de\/startseite\/wp-json\/wp\/v2\/types\/post"}],"author":[{"embeddable":true,"href":"https:\/\/www.fass-berlin.de\/startseite\/wp-json\/wp\/v2\/users\/15"}],"replies":[{"embeddable":true,"href":"https:\/\/www.fass-berlin.de\/startseite\/wp-json\/wp\/v2\/comments?post=21678"}],"version-history":[{"count":3,"href":"https:\/\/www.fass-berlin.de\/startseite\/wp-json\/wp\/v2\/posts\/21678\/revisions"}],"predecessor-version":[{"id":21682,"href":"https:\/\/www.fass-berlin.de\/startseite\/wp-json\/wp\/v2\/posts\/21678\/revisions\/21682"}],"wp:featuredmedia":[{"embeddable":true,"href":"https:\/\/www.fass-berlin.de\/startseite\/wp-json\/wp\/v2\/media\/21679"}],"wp:attachment":[{"href":"https:\/\/www.fass-berlin.de\/startseite\/wp-json\/wp\/v2\/media?parent=21678"}],"wp:term":[{"taxonomy":"category","embeddable":true,"href":"https:\/\/www.fass-berlin.de\/startseite\/wp-json\/wp\/v2\/categories?post=21678"},{"taxonomy":"post_tag","embeddable":true,"href":"https:\/\/www.fass-berlin.de\/startseite\/wp-json\/wp\/v2\/tags?post=21678"}],"curies":[{"name":"wp","href":"https:\/\/api.w.org\/{rel}","templated":true}]}}