{"id":21785,"date":"2024-02-14T22:29:57","date_gmt":"2024-02-14T21:29:57","guid":{"rendered":"https:\/\/www.fass-berlin.de\/startseite\/?p=21785"},"modified":"2024-02-14T22:39:39","modified_gmt":"2024-02-14T21:39:39","slug":"endspiel-gegen-schoenheide","status":"publish","type":"post","link":"https:\/\/www.fass-berlin.de\/startseite\/2024\/02\/14\/endspiel-gegen-schoenheide\/","title":{"rendered":"&#8222;Endspiel&#8220; gegen Sch\u00f6nheide"},"content":{"rendered":"<p>Am vorletzten Spieltag der Hauptrunde steht das <a href=\"https:\/\/www.fass-berlin.de\/startseite\/regionalliga-ost-2\/regionalliga-ost-2023-24\/\">entscheidende Spiel um Rang 1<\/a> auf dem Programm. FASS Berlin empf\u00e4ngt am Samstag (17.02.24, 19:00 Uhr) im Erika-He\u00df-Eisstadion die Sch\u00f6nheider W\u00f6lfe. <a href=\"https:\/\/www.fass-berlin.de\/startseite\/regionalliga-ost-2\/regionalliga-ost-2023-24\/\">Beide Teams trennt nur ein Punkt.<\/a> Der Sieger &#8211; davon kann man ausgehen &#8211; wird also von der besten Ausgangsposition in die Play-offs im M\u00e4rz starten.<\/p>\n\n<table id=\"tablepress-36\" class=\"tablepress tablepress-id-36\">\n<thead>\n<tr class=\"row-1\">\n\t<th class=\"column-1\">Restprogramm<\/th><th class=\"column-2\">Sch\u00f6nheider W\u00f6lfe<\/th><th class=\"column-3\">FASS Berlin<\/th>\n<\/tr>\n<\/thead>\n<tbody class=\"row-striping row-hover\">\n<tr class=\"row-2\">\n\t<td class=\"column-1\"><\/td><td class=\"column-2\">1. (24 Sp, 63 Pkt, +142 Tore)<\/td><td class=\"column-3\">2. (24 Sp, 62 Pkt, +139 Tore)<\/td>\n<\/tr>\n<tr class=\"row-3\">\n\t<td class=\"column-1\">17.02.24<\/td><td class=\"column-2\">@ FASS Berlin<\/td><td class=\"column-3\">vs Sch\u00f6nheider W\u00f6lfe<\/td>\n<\/tr>\n<tr class=\"row-4\">\n\t<td class=\"column-1\">24.02.24<\/td><td class=\"column-2\"><\/td><td class=\"column-3\">@ SCC Adler<\/td>\n<\/tr>\n<tr class=\"row-5\">\n\t<td class=\"column-1\">25.02.24<\/td><td class=\"column-2\">@ Eisb\u00e4ren Juniors<\/td><td class=\"column-3\"><\/td>\n<\/tr>\n<\/tbody>\n<\/table>\n<!-- #tablepress-36 from cache -->\n<p>Ein besonderes Highlight: Zum ersten Mal wird ein Heimspiel von FASS live \u00fcbertragen. Mit Unterst\u00fctzung von KUKKO, unserem Sponsor of the Day, wird das Spiel\u00a0auf YouTube gestreamt. Medienpartner ist Tampa2Films. Genauere Hinweise folgen.<\/p>\n<p>Was soll man \u00fcber dieses Spiel sagen? Es treffen die beiden &#8222;Tormaschinen&#8220; der Regionalliga Ost aufeinander. FASS hat 200mal getroffen, die G\u00e4ste 196mal. In der <a href=\"https:\/\/www.fass-berlin.de\/startseite\/regionalliga-ost-2\/scorerliste\/\">Scorerliste der Liga<\/a> stehen entsprechend acht Berliner und sieben Sch\u00f6nheider unter den TOP20. In den Spielen untereinander hat in den letzten Jahren meist das Team aus dem Erzgebirge die Oberhand behalten. Die viel zitierten Kleinigkeiten, die dabei den Unterschied ausmachten, haben den Berlinern nicht immer geschmeckt. Daher ist die Motivation diesmal besonders gro\u00df, den Konkurrenten zu schlagen.<\/p>\n<p>Headcoach Christopher Scholz kann im Spitzenspiel voraussichtlich auf seinen <a href=\"https:\/\/www.fass-berlin.de\/startseite\/regionalliga-ost-2\/team\/\">vollst\u00e4ndigen Kader zur\u00fcckgreifen<\/a>, sieht man von den bekannten Ausf\u00e4llen ab. Verlass war zuletzt auf die Defensive, die bei f\u00fcnf gegen f\u00fcnf kaum zu \u00fcberwinden war. Im <a href=\"https:\/\/www.fass-berlin.de\/startseite\/2024\/02\/11\/zweiter-wochenendsieg-sorgt-fuer-gute-laune\/\">letzten Heimspiel gegen die Eisb\u00e4ren Juniors<\/a> gelang dem starken Goalie <a href=\"https:\/\/www.fass-berlin.de\/startseite\/player\/soeren-thiem\/\">S\u00f6ren Thiem<\/a> sogar ein Shutout. Die <a href=\"https:\/\/youtu.be\/pLC5W1UKdhM\">Video-Zusammenfassung gibt es hier<\/a>.<\/p>\n<p>Sch\u00f6nheide reist mit einer seit Jahren eingespielten Mannschaft in die Hauptstadt. Topscorer der W\u00f6lfe ist Tomas Rubes, doch die FASS-Defensive muss darauf eingestellt sein, dass alle drei Angriffsreihen ein Spiel entscheiden k\u00f6nnen.<\/p>\n<p>Es ist also angerichtet. Die Abendkasse \u00f6ffnet um 18:00 Uhr, der Eintritt kostet 7 Euro (Tagesticket VIP 19 Euro, kein Alkoholausschank im VIP-Raum).<\/p>\n","protected":false},"excerpt":{"rendered":"<p>Am vorletzten Spieltag der Hauptrunde steht das entscheidende Spiel um Rang 1 auf dem Programm. FASS Berlin empf\u00e4ngt am Samstag (17.02.24, 19:00 Uhr) im Erika-He\u00df-Eisstadion die Sch\u00f6nheider W\u00f6lfe. Beide Teams trennt nur ein Punkt. Der Sieger &#8211; davon kann man ausgehen &#8211; wird also von der besten Ausgangsposition in die Play-offs im M\u00e4rz starten. Ein [&hellip;]<\/p>\n","protected":false},"author":15,"featured_media":21786,"comment_status":"open","ping_status":"open","sticky":false,"template":"","format":"standard","meta":{"_exactmetrics_skip_tracking":false,"_exactmetrics_sitenote_active":false,"_exactmetrics_sitenote_note":"","_exactmetrics_sitenote_category":0,"jetpack_post_was_ever_published":false,"_jetpack_newsletter_access":"","_jetpack_dont_email_post_to_subs":false,"_jetpack_newsletter_tier_id":0,"_jetpack_memberships_contains_paywalled_content":false,"_jetpack_memberships_contains_paid_content":false,"footnotes":"","jetpack_publicize_message":"","jetpack_publicize_feature_enabled":true,"jetpack_social_post_already_shared":true,"jetpack_social_options":{"image_generator_settings":{"template":"highway","default_image_id":0,"font":"","enabled":false},"version":2}},"categories":[50],"tags":[],"class_list":["post-21785","post","type-post","status-publish","format-standard","has-post-thumbnail","hentry","category-regionalliga-ost"],"jetpack_publicize_connections":[],"jetpack_featured_media_url":"https:\/\/www.fass-berlin.de\/wp-content\/uploads\/2024\/02\/FASSZINATION-EISHOCKEY_20240213_154435_0000.png","jetpack_sharing_enabled":true,"jetpack_shortlink":"https:\/\/wp.me\/paiOCx-5Fn","jetpack_likes_enabled":true,"jetpack-related-posts":[],"_links":{"self":[{"href":"https:\/\/www.fass-berlin.de\/startseite\/wp-json\/wp\/v2\/posts\/21785","targetHints":{"allow":["GET"]}}],"collection":[{"href":"https:\/\/www.fass-berlin.de\/startseite\/wp-json\/wp\/v2\/posts"}],"about":[{"href":"https:\/\/www.fass-berlin.de\/startseite\/wp-json\/wp\/v2\/types\/post"}],"author":[{"embeddable":true,"href":"https:\/\/www.fass-berlin.de\/startseite\/wp-json\/wp\/v2\/users\/15"}],"replies":[{"embeddable":true,"href":"https:\/\/www.fass-berlin.de\/startseite\/wp-json\/wp\/v2\/comments?post=21785"}],"version-history":[{"count":4,"href":"https:\/\/www.fass-berlin.de\/startseite\/wp-json\/wp\/v2\/posts\/21785\/revisions"}],"predecessor-version":[{"id":21790,"href":"https:\/\/www.fass-berlin.de\/startseite\/wp-json\/wp\/v2\/posts\/21785\/revisions\/21790"}],"wp:featuredmedia":[{"embeddable":true,"href":"https:\/\/www.fass-berlin.de\/startseite\/wp-json\/wp\/v2\/media\/21786"}],"wp:attachment":[{"href":"https:\/\/www.fass-berlin.de\/startseite\/wp-json\/wp\/v2\/media?parent=21785"}],"wp:term":[{"taxonomy":"category","embeddable":true,"href":"https:\/\/www.fass-berlin.de\/startseite\/wp-json\/wp\/v2\/categories?post=21785"},{"taxonomy":"post_tag","embeddable":true,"href":"https:\/\/www.fass-berlin.de\/startseite\/wp-json\/wp\/v2\/tags?post=21785"}],"curies":[{"name":"wp","href":"https:\/\/api.w.org\/{rel}","templated":true}]}}