{"id":21793,"date":"2024-02-17T23:32:39","date_gmt":"2024-02-17T22:32:39","guid":{"rendered":"https:\/\/www.fass-berlin.de\/startseite\/?p=21793"},"modified":"2024-02-18T08:08:58","modified_gmt":"2024-02-18T07:08:58","slug":"fass-schlaegt-schoenheide","status":"publish","type":"post","link":"https:\/\/www.fass-berlin.de\/startseite\/2024\/02\/17\/fass-schlaegt-schoenheide\/","title":{"rendered":"FASS schl\u00e4gt Sch\u00f6nheide"},"content":{"rendered":"<p>Am vorletzten Spieltag <a href=\"https:\/\/www.fass-berlin.de\/startseite\/event\/20929\/\">ringt FASS Berlin den Tabellenf\u00fchrer aus Sch\u00f6nheide mit 4:2 (1:1, 1:0, 2:1) nieder<\/a> und <a href=\"https:\/\/www.fass-berlin.de\/startseite\/regionalliga-ost-2\/regionalliga-ost-2023-24\/\">\u00fcbernimmt selbst den &#8222;Platz an der Sonne&#8220;<\/a>. Gut 400 Zuschauerinnen und Zuschauer im Stadion und knapp 1000 User im Livestream verfolgten das nervenaufreibende Spitzenspiel, welches die Vorentscheidung im Kampf um die beste Ausgangssituation f\u00fcr die Play-offs bringen sollte.<\/p>\n<h5>Das Spiel<\/h5>\n<p>FASS fand sofort Bindung zum Spiel und kn\u00fcpfte an die Leistung der Vorwoche an. Bereits in der 3. Minute kombinierte sich der erste Block geschickt nach vorne, und Tom Fiedler spielte <a href=\"https:\/\/www.fass-berlin.de\/startseite\/player\/dennis-merk\/\">Dennis Merk<\/a> am langen Pfosten frei, so dass dieser zum 1:0 einschieben konnte. Auch in der Folge blieben die Nordberliner leicht spielbestimmend und besch\u00e4ftigten Stark im G\u00e4stetor. Kurz vor Drittelende vert\u00e4ndelte man allerdings die Scheibe hinter dem eigenen Tor, was die W\u00f6lfe sofort eiskalt durch Heinz zum Ausgleich nutzten.<\/p>\n<p>Damit war das Momentum gedreht, und im zweiten Drittel hatten die G\u00e4ste mehr vom Spiel. Allerdings war <a href=\"https:\/\/www.fass-berlin.de\/startseite\/player\/soeren-thiem\/\">S\u00f6ren Thiem<\/a> erneut bestens aufgelegt und vereitelte die Chancen der Sch\u00f6nheider. Gegen Ende des Drittels waren es dann die Berliner, welche in F\u00fchrung gingen. Sie nutzten eines von nur zwei PowerPlays, als <a href=\"https:\/\/www.fass-berlin.de\/startseite\/player\/ludwig-wild\/\">Ludwig Wild<\/a> von der blauen Linie den rechts vom Tor stehenden <a href=\"https:\/\/www.fass-berlin.de\/startseite\/player\/tom-fiedler\/\">Tom Fiedler<\/a> anvisierte und der Kapit\u00e4n die Scheibe unhaltbar ins Tor abf\u00e4lschte (38., siehe Bild).<\/p>\n<p>FASS ging mit einer etwas gl\u00fccklichen F\u00fchrung ins dritte Drittel, und die G\u00e4ste aus dem Erzgebirge verst\u00e4rkten ihre Angriffsbem\u00fchungen weiter. Alleine in den letzten 20 Minuten gingen 20 Sch\u00fcsse auf das Tor von S\u00f6ren Thiem, und seine Vorderleute brachten die Rebounds meist mit Gl\u00fcck und Geschick unter Kontrolle. Nur in der 46. Minute nutzte Berger eine solche Situation zum Ausgleichstreffer. Aber wieder ereignete sich die Schl\u00fcsselszene auf der anderen Seite. Nachdem er einen ungeahndeten Check einstecken musste, kam Dennis Merk wutgeladen ins Angriffsdrittel und h\u00e4mmerte einen Distanzschuss unter die Latte des Sch\u00f6nheider Tores (50.). Das 3:2 war erst der zweite Berliner Torschuss in dem Drittel, doch danach befreite man sich etwas vom Druck der G\u00e4ste und kam selbst wieder zu guten Chancen.<\/p>\n<p>Und dann brachen die letzten zwei Minuten an. Zum dritten Mal in dieser Saison f\u00fchrte FASS 3:2, zum dritten Mal zogen die W\u00f6lfe ihren Torwart &#8211; doch diesmal wiederholte sich die Geschichte nicht. Die Weddinger hielten dagegen, befreiten sich aus dem Verteidigungsdrittel, und <a href=\"https:\/\/www.fass-berlin.de\/startseite\/player\/gregor-kubail\/\">Gregor Kubail<\/a> sch\u00fcttelte im Mittelkreis seinen Gegenspieler ab und schoss die Scheibe platziert ins leere G\u00e4stetor. Gro\u00dfer Jubel beim Team und beim Anhang brach aus, denn damit sollte der erste Platz der Hauptrunde gesichert sein. Ein Sieg beim Schlusslicht SCC Adler wird noch ben\u00f6tigt, um den &#8222;Deckel drauf&#8220; zu machen.<\/p>\n<p>Das erste Play-off-Heimspiel findet am Samstag, dem 02.03.24 um 19:00 Uhr im Erika-He\u00df-Eisstadion statt. Gegner wird mit allerh\u00f6chster Wahrscheinlichkeit der ESC Dresden sein. Mehr Infos zu den Play-offs folgen in den n\u00e4chsten Tagen.<\/p>\n<h5>Statistik<\/h5>\n<p><strong>FASS<\/strong>: <a href=\"https:\/\/www.fass-berlin.de\/startseite\/regionalliga-ost-2\/team\/\">Thiem (Bonness) &#8211; Pilz, Babinsky; Wild, Miethke; Prei\u00df, Kruggel; Altmann &#8211; Merk, Fiedler, Jentzsch; Volynec, Kubail, Noack; Licitis, Freunschlag, Braun; Butasch, Weihrauch, Renz<\/a>.<br \/>\n<strong>Tore<\/strong>:<br \/>\n1:0 (02:34) <strong>Merk<\/strong> (Fiedler, Jentzsch),<br \/>\n1:1 (19:46) Heinz;<br \/>\n2:1 (37:13) <strong>Fiedler<\/strong> (Wild, Licitis) PP1;<br \/>\n2:2 (45:41) Berger,<br \/>\n3:2 (50:00) <strong>Merk<\/strong> (Fiedler, Jentzsch),<br \/>\n4:2 (59:33) <strong>Kubail<\/strong> (Noack) ENG.<br \/>\n<strong>Schiedsrichter<\/strong>: Metzkow &#8211; Kr\u00fcger, Niedermeyer.<br \/>\n<strong>Strafen<\/strong>: FASS 8, Sch\u00f6nheide 4.<br \/>\n<strong>Zuschauer<\/strong>: 402.<br \/>\n<strong>Sch\u00fcsse<\/strong>: 32-44.<br \/>\n<strong>Face-off<\/strong>: 39-28.<\/p>\n<p>Foto: Philipp Knop<\/p>\n","protected":false},"excerpt":{"rendered":"<p>Am vorletzten Spieltag ringt FASS Berlin den Tabellenf\u00fchrer aus Sch\u00f6nheide mit 4:2 (1:1, 1:0, 2:1) nieder und \u00fcbernimmt selbst den &#8222;Platz an der Sonne&#8220;. Gut 400 Zuschauerinnen und Zuschauer im Stadion und knapp 1000 User im Livestream verfolgten das nervenaufreibende Spitzenspiel, welches die Vorentscheidung im Kampf um die beste Ausgangssituation f\u00fcr die Play-offs bringen sollte. [&hellip;]<\/p>\n","protected":false},"author":15,"featured_media":21792,"comment_status":"open","ping_status":"open","sticky":false,"template":"","format":"standard","meta":{"_exactmetrics_skip_tracking":false,"_exactmetrics_sitenote_active":false,"_exactmetrics_sitenote_note":"","_exactmetrics_sitenote_category":0,"jetpack_post_was_ever_published":false,"_jetpack_newsletter_access":"","_jetpack_dont_email_post_to_subs":false,"_jetpack_newsletter_tier_id":0,"_jetpack_memberships_contains_paywalled_content":false,"_jetpack_memberships_contains_paid_content":false,"footnotes":"","jetpack_publicize_message":"","jetpack_publicize_feature_enabled":true,"jetpack_social_post_already_shared":true,"jetpack_social_options":{"image_generator_settings":{"template":"highway","default_image_id":0,"font":"","enabled":false},"version":2}},"categories":[50],"tags":[],"class_list":["post-21793","post","type-post","status-publish","format-standard","has-post-thumbnail","hentry","category-regionalliga-ost"],"jetpack_publicize_connections":[],"jetpack_featured_media_url":"https:\/\/www.fass-berlin.de\/wp-content\/uploads\/2024\/02\/VS-Schoenheide-scaled.jpg","jetpack_sharing_enabled":true,"jetpack_shortlink":"https:\/\/wp.me\/paiOCx-5Fv","jetpack_likes_enabled":true,"jetpack-related-posts":[],"_links":{"self":[{"href":"https:\/\/www.fass-berlin.de\/startseite\/wp-json\/wp\/v2\/posts\/21793","targetHints":{"allow":["GET"]}}],"collection":[{"href":"https:\/\/www.fass-berlin.de\/startseite\/wp-json\/wp\/v2\/posts"}],"about":[{"href":"https:\/\/www.fass-berlin.de\/startseite\/wp-json\/wp\/v2\/types\/post"}],"author":[{"embeddable":true,"href":"https:\/\/www.fass-berlin.de\/startseite\/wp-json\/wp\/v2\/users\/15"}],"replies":[{"embeddable":true,"href":"https:\/\/www.fass-berlin.de\/startseite\/wp-json\/wp\/v2\/comments?post=21793"}],"version-history":[{"count":6,"href":"https:\/\/www.fass-berlin.de\/startseite\/wp-json\/wp\/v2\/posts\/21793\/revisions"}],"predecessor-version":[{"id":21800,"href":"https:\/\/www.fass-berlin.de\/startseite\/wp-json\/wp\/v2\/posts\/21793\/revisions\/21800"}],"wp:featuredmedia":[{"embeddable":true,"href":"https:\/\/www.fass-berlin.de\/startseite\/wp-json\/wp\/v2\/media\/21792"}],"wp:attachment":[{"href":"https:\/\/www.fass-berlin.de\/startseite\/wp-json\/wp\/v2\/media?parent=21793"}],"wp:term":[{"taxonomy":"category","embeddable":true,"href":"https:\/\/www.fass-berlin.de\/startseite\/wp-json\/wp\/v2\/categories?post=21793"},{"taxonomy":"post_tag","embeddable":true,"href":"https:\/\/www.fass-berlin.de\/startseite\/wp-json\/wp\/v2\/tags?post=21793"}],"curies":[{"name":"wp","href":"https:\/\/api.w.org\/{rel}","templated":true}]}}