{"id":21960,"date":"2024-03-15T23:11:32","date_gmt":"2024-03-15T22:11:32","guid":{"rendered":"https:\/\/www.fass-berlin.de\/startseite\/?p=21960"},"modified":"2024-03-15T23:51:06","modified_gmt":"2024-03-15T22:51:06","slug":"fass-frauen-fuer-meistertitel-geehrt","status":"publish","type":"post","link":"https:\/\/www.fass-berlin.de\/startseite\/2024\/03\/15\/fass-frauen-fuer-meistertitel-geehrt\/","title":{"rendered":"FASS Frauen f\u00fcr Meistertitel geehrt"},"content":{"rendered":"<p>Die Frauen von FASS Berlin haben sich schon <a href=\"https:\/\/www.fass-berlin.de\/startseite\/frauen\/saison-2023-24\/\">vorzeitig den Meistertitel in der 1. Frauenliga Nordost gesichert<\/a>. Hierf\u00fcr wurden sie vor Beginn des <a href=\"https:\/\/www.fass-berlin.de\/startseite\/2024\/03\/15\/fass-legt-vor\/\">Regionalliga-Playoff-Spiels FASS gegen Lauterbach<\/a> von 400 Zuschauerinnen und Zuschauern geb\u00fchrend gefeiert, nachdem BEV-Pr\u00e4sident Alexander Hedderich im Namen des veranstaltenden Nieders\u00e4chsischen Eissportverbands den Meisterpokal an <a href=\"https:\/\/www.fass-berlin.de\/startseite\/player\/chiara-leonhardt\/\">Kapit\u00e4nin Chiara Leonhardt<\/a> \u00fcberreicht hatte.<\/p>\n<p>Au\u00dferdem \u00fcbergab Lucien Aicher, der Erste Vorsitzende von FASS Berlin, den Spielerinnen ein Pr\u00e4sent des Vereins.<\/p>\n<p>Die FASS-Frauen nehmen seit der Saison 2021\/22 am Spielbetrieb der 1. Frauenliga Nordost teil und konnten jetzt im dritten Jahr den zweiten Meistertitel feiern.<\/p>\n<p>Foto: Philipp Knop<\/p>\n","protected":false},"excerpt":{"rendered":"<p>Die Frauen von FASS Berlin haben sich schon vorzeitig den Meistertitel in der 1. Frauenliga Nordost gesichert. Hierf\u00fcr wurden sie vor Beginn des Regionalliga-Playoff-Spiels FASS gegen Lauterbach von 400 Zuschauerinnen und Zuschauern geb\u00fchrend gefeiert, nachdem BEV-Pr\u00e4sident Alexander Hedderich im Namen des veranstaltenden Nieders\u00e4chsischen Eissportverbands den Meisterpokal an Kapit\u00e4nin Chiara Leonhardt \u00fcberreicht hatte. Au\u00dferdem \u00fcbergab Lucien [&hellip;]<\/p>\n","protected":false},"author":15,"featured_media":21957,"comment_status":"open","ping_status":"open","sticky":false,"template":"","format":"standard","meta":{"_exactmetrics_skip_tracking":false,"_exactmetrics_sitenote_active":false,"_exactmetrics_sitenote_note":"","_exactmetrics_sitenote_category":0,"jetpack_post_was_ever_published":false,"_jetpack_newsletter_access":"","_jetpack_dont_email_post_to_subs":false,"_jetpack_newsletter_tier_id":0,"_jetpack_memberships_contains_paywalled_content":false,"_jetpack_memberships_contains_paid_content":false,"footnotes":"","jetpack_publicize_message":"","jetpack_publicize_feature_enabled":true,"jetpack_social_post_already_shared":true,"jetpack_social_options":{"image_generator_settings":{"template":"highway","default_image_id":0,"font":"","enabled":false},"version":2}},"categories":[853],"tags":[],"class_list":["post-21960","post","type-post","status-publish","format-standard","has-post-thumbnail","hentry","category-frauen"],"jetpack_publicize_connections":[],"jetpack_featured_media_url":"https:\/\/www.fass-berlin.de\/wp-content\/uploads\/2024\/03\/FASS-Frauen-Meister-scaled.jpg","jetpack_sharing_enabled":true,"jetpack_shortlink":"https:\/\/wp.me\/paiOCx-5Ic","jetpack_likes_enabled":true,"jetpack-related-posts":[],"_links":{"self":[{"href":"https:\/\/www.fass-berlin.de\/startseite\/wp-json\/wp\/v2\/posts\/21960","targetHints":{"allow":["GET"]}}],"collection":[{"href":"https:\/\/www.fass-berlin.de\/startseite\/wp-json\/wp\/v2\/posts"}],"about":[{"href":"https:\/\/www.fass-berlin.de\/startseite\/wp-json\/wp\/v2\/types\/post"}],"author":[{"embeddable":true,"href":"https:\/\/www.fass-berlin.de\/startseite\/wp-json\/wp\/v2\/users\/15"}],"replies":[{"embeddable":true,"href":"https:\/\/www.fass-berlin.de\/startseite\/wp-json\/wp\/v2\/comments?post=21960"}],"version-history":[{"count":4,"href":"https:\/\/www.fass-berlin.de\/startseite\/wp-json\/wp\/v2\/posts\/21960\/revisions"}],"predecessor-version":[{"id":21969,"href":"https:\/\/www.fass-berlin.de\/startseite\/wp-json\/wp\/v2\/posts\/21960\/revisions\/21969"}],"wp:featuredmedia":[{"embeddable":true,"href":"https:\/\/www.fass-berlin.de\/startseite\/wp-json\/wp\/v2\/media\/21957"}],"wp:attachment":[{"href":"https:\/\/www.fass-berlin.de\/startseite\/wp-json\/wp\/v2\/media?parent=21960"}],"wp:term":[{"taxonomy":"category","embeddable":true,"href":"https:\/\/www.fass-berlin.de\/startseite\/wp-json\/wp\/v2\/categories?post=21960"},{"taxonomy":"post_tag","embeddable":true,"href":"https:\/\/www.fass-berlin.de\/startseite\/wp-json\/wp\/v2\/tags?post=21960"}],"curies":[{"name":"wp","href":"https:\/\/api.w.org\/{rel}","templated":true}]}}