{"id":22103,"date":"2024-05-21T16:27:57","date_gmt":"2024-05-21T14:27:57","guid":{"rendered":"https:\/\/www.fass-berlin.de\/startseite\/?p=22103"},"modified":"2024-05-21T16:27:57","modified_gmt":"2024-05-21T14:27:57","slug":"abschied","status":"publish","type":"post","link":"https:\/\/www.fass-berlin.de\/startseite\/2024\/05\/21\/abschied\/","title":{"rendered":"Abschied"},"content":{"rendered":"<p>Die Vorbereitungen f\u00fcr die Saison 2024\/25 laufen bei FASS Berlin auf Hochtouren. In der Regionalliga Ost war man jahrelang der J\u00e4ger. <a href=\"https:\/\/www.fass-berlin.de\/startseite\/2024\/03\/29\/geschafft\/\">Nach dem emotionalen Titelgewinn<\/a> ist man von nun an der Gejagte.<span class=\"Apple-converted-space\">\u00a0<\/span><\/p>\n<p>Nicht mehr alle Spieler werden dabei sein, wenn im August die Mission Titelverteidigung beginnt. Mit Jakob Altmann, Dimitry Butasch, Stefan Freunschlag, Dennis Merk und Niklas Pilz stehen f\u00fcnf Stammkr\u00e4fte nicht mehr zur Verf\u00fcgung.<span class=\"Apple-converted-space\">\u00a0<\/span><\/p>\n<p><a href=\"https:\/\/www.fass-berlin.de\/startseite\/player\/stefan-freunschlag\/\">Stefan Freunschlag<\/a> und <a href=\"https:\/\/www.fass-berlin.de\/startseite\/player\/niklas-pilz\/\">Niklas Pilz<\/a> verlassen Berlin aus beruflichen Gr\u00fcnden. Beide waren zwei Saisons dabei. Der \u00d6sterreicher Freunschlag war auf dem Eis und im Locker Room ein Aktivposten und verewigte sich mit 58 Spielen, 28 Toren und 35 Assists in den FASS-Annalen. Pilz nahm im November 2023 eine kurze Auszeit, in der er mit der Inlinehockey-Nationalmannschaft Europameister wurde. Nach seiner R\u00fcckkehr in den FASS-Roster avancierte zu einem der besten Verteidiger der Liga mit einem +\/- Wert von +59. Seine FASS-Bilanz: 52 Spiele, sechs Tore, 40 Assists.<span class=\"Apple-converted-space\">\u00a0<\/span><\/p>\n<p><a href=\"https:\/\/www.fass-berlin.de\/startseite\/player\/dennis-merk\/\">Dennis Merk<\/a> ist trotz seiner gerade mal 26 Jahre der dienst\u00e4lteste Spieler des Meisterkaders. Sein Deb\u00fct gab er 2014\/15 als 16j\u00e4hriger in der damaligen Oberliga Ost. Jetzt nimmt er nach 231 Spielen (120 Tore, 136 Assists) aus famili\u00e4ren und beruflichen Gr\u00fcnden eine Auszeit. Der Sportliche Leiter Peter Wagenfeldt: \u201eMerki ist fester Bestandteil von FASS Berlin, vielleicht mehr als jeder andere in unserem Team. Gerade in der Meistersaison war er \u00fcberragend und war der einzige Spieler, der alle Partien mitgemacht hat. Es ist schmerzhaft, ihn nicht mehr in der Kabine zu haben. Aber wir sind \u00fcberzeugt, dass dies nicht das Ende seiner Laufbahn ist, sondern nur eine Unterbrechung.\u201c<\/p>\n<p><a href=\"https:\/\/www.fass-berlin.de\/startseite\/player\/dimitry-butasch\/\">Dimitry Butasch<\/a> war nach einer dreij\u00e4hrigen Unterbrechung vor der letzten Saison zur\u00fcckgekehrt. Leider wurde er immer wieder durch Verletzungen zur\u00fcckgeworfen und konnte sein Potenzial nicht immer entfalten. \u201eIch muss ehrlich mit mir sein, dass ich die Intensit\u00e4t unseres Trainings- und Spielbetriebs derzeit nicht mitgehen kann\u201c, erkl\u00e4rt der 28j\u00e4hrige. Immerhin kam er in 21 Spielen auf neun Tore und acht Assists. \u201eUnd ich bin happy, dass wir mit dieser Mannschaft den Titel feiern konnten.\u201c<\/p>\n<p><a href=\"https:\/\/www.fass-berlin.de\/startseite\/player\/jakob-altmann\/\">Jakob Altmann<\/a> war der Shooting Star der Meistersaison. Das 18j\u00e4hrige Eigengew\u00e4chs erarbeitete sich mit seinem sachlichen und selbstbewussten Spiel einen Stammplatz in der Defensive. In 30 Eins\u00e4tzen (davon zwei in der Vorsaison) erzielte er ein Tor und sieben Assists &#8211; bei dem beeindruckenden +\/- Wert von +31! Er schlie\u00dft sich einem Verein an, wo er die Chance sucht, sich \u00fcber die U20-Mannschaft f\u00fcr den Oberliga-Kader zu empfehlen.<span class=\"Apple-converted-space\">\u00a0<\/span><\/p>\n<p>F\u00fcnfmal hei\u00dft es also Abschied nehmen und danke sagen. Immerhin haben sich die Jungs mit dem Titelgewinn ihren festen Platz in der FASS-Geschichte gesichert.<span class=\"Apple-converted-space\">\u00a0<\/span><\/p>\n","protected":false},"excerpt":{"rendered":"<p>Die Vorbereitungen f\u00fcr die Saison 2024\/25 laufen bei FASS Berlin auf Hochtouren. In der Regionalliga Ost war man jahrelang der J\u00e4ger. Nach dem emotionalen Titelgewinn ist man von nun an der Gejagte.\u00a0 Nicht mehr alle Spieler werden dabei sein, wenn im August die Mission Titelverteidigung beginnt. Mit Jakob Altmann, Dimitry Butasch, Stefan Freunschlag, Dennis Merk [&hellip;]<\/p>\n","protected":false},"author":15,"featured_media":22104,"comment_status":"open","ping_status":"open","sticky":false,"template":"","format":"standard","meta":{"_exactmetrics_skip_tracking":false,"_exactmetrics_sitenote_active":false,"_exactmetrics_sitenote_note":"","_exactmetrics_sitenote_category":0,"jetpack_post_was_ever_published":false,"_jetpack_newsletter_access":"","_jetpack_dont_email_post_to_subs":false,"_jetpack_newsletter_tier_id":0,"_jetpack_memberships_contains_paywalled_content":false,"_jetpack_memberships_contains_paid_content":false,"footnotes":"","jetpack_publicize_message":"","jetpack_publicize_feature_enabled":true,"jetpack_social_post_already_shared":true,"jetpack_social_options":{"image_generator_settings":{"template":"highway","default_image_id":0,"font":"","enabled":false},"version":2}},"categories":[50],"tags":[],"class_list":["post-22103","post","type-post","status-publish","format-standard","has-post-thumbnail","hentry","category-regionalliga-ost"],"jetpack_publicize_connections":[],"jetpack_featured_media_url":"https:\/\/www.fass-berlin.de\/wp-content\/uploads\/2024\/05\/image.png","jetpack_sharing_enabled":true,"jetpack_shortlink":"https:\/\/wp.me\/saiOCx-abschied","jetpack_likes_enabled":true,"jetpack-related-posts":[],"_links":{"self":[{"href":"https:\/\/www.fass-berlin.de\/startseite\/wp-json\/wp\/v2\/posts\/22103","targetHints":{"allow":["GET"]}}],"collection":[{"href":"https:\/\/www.fass-berlin.de\/startseite\/wp-json\/wp\/v2\/posts"}],"about":[{"href":"https:\/\/www.fass-berlin.de\/startseite\/wp-json\/wp\/v2\/types\/post"}],"author":[{"embeddable":true,"href":"https:\/\/www.fass-berlin.de\/startseite\/wp-json\/wp\/v2\/users\/15"}],"replies":[{"embeddable":true,"href":"https:\/\/www.fass-berlin.de\/startseite\/wp-json\/wp\/v2\/comments?post=22103"}],"version-history":[{"count":3,"href":"https:\/\/www.fass-berlin.de\/startseite\/wp-json\/wp\/v2\/posts\/22103\/revisions"}],"predecessor-version":[{"id":22107,"href":"https:\/\/www.fass-berlin.de\/startseite\/wp-json\/wp\/v2\/posts\/22103\/revisions\/22107"}],"wp:featuredmedia":[{"embeddable":true,"href":"https:\/\/www.fass-berlin.de\/startseite\/wp-json\/wp\/v2\/media\/22104"}],"wp:attachment":[{"href":"https:\/\/www.fass-berlin.de\/startseite\/wp-json\/wp\/v2\/media?parent=22103"}],"wp:term":[{"taxonomy":"category","embeddable":true,"href":"https:\/\/www.fass-berlin.de\/startseite\/wp-json\/wp\/v2\/categories?post=22103"},{"taxonomy":"post_tag","embeddable":true,"href":"https:\/\/www.fass-berlin.de\/startseite\/wp-json\/wp\/v2\/tags?post=22103"}],"curies":[{"name":"wp","href":"https:\/\/api.w.org\/{rel}","templated":true}]}}