{"id":22149,"date":"2024-06-23T16:03:21","date_gmt":"2024-06-23T14:03:21","guid":{"rendered":"https:\/\/www.fass-berlin.de\/startseite\/?p=22149"},"modified":"2024-06-23T16:03:21","modified_gmt":"2024-06-23T14:03:21","slug":"fuer-den-kapitaen-geht-die-reise-weiter","status":"publish","type":"post","link":"https:\/\/www.fass-berlin.de\/startseite\/2024\/06\/23\/fuer-den-kapitaen-geht-die-reise-weiter\/","title":{"rendered":"F\u00fcr den Kapit\u00e4n geht die Reise weiter"},"content":{"rendered":"<p>Er hatte es ja w\u00e4hrend der Saisonabschlussfeier gesagt: <a href=\"https:\/\/www.fass-berlin.de\/startseite\/player\/tom-fiedler\/\">Tom Fiedler<\/a> denkt noch lange nicht an ein Karriereende. Und so verl\u00e4ngert der Kapit\u00e4n seinen Vertrag gleich um zwei Jahre!<\/p>\n<p>\u201eIch bin topfit und habe bei FASS meine sportliche Heimat gefunden\u201c, sagt der 38j\u00e4hrige. \u201eWarum soll ich da aufh\u00f6ren? Zwar sind die guten Jahre vorbei. Aber die besten kommen noch!\u201c<\/p>\n<p>Der Center hat in der letzten Saison nicht nur eine hervorragende Ausbeute produziert (32 Spiele, 24 Tore, 51 Assists, +66), sondern auch in herausfordernden Situationen Leadership gezeigt. \u201eErfolg hat immer viele V\u00e4ter, das wei\u00df man ja\u201c, stellt der Sportliche Leiter Peter Wagenfeldt fest. \u201eTom war aber ohne jeden Zweifel auf und neben dem Eis ein ganz wichtiger Eckpfeiler f\u00fcr unseren Titelgewinn.\u201c<\/p>\n<p>Pr\u00e4sentiert wird diese Vertragsverl\u00e4ngerung von unserem Hauptsponsor <strong>Compass&amp;Spine<\/strong>. Bereits seit 2016 ist das weltweit t\u00e4tige Beratungsunternehmen mit Sitz in Berlin bei FASS engagiert.<\/p>\n","protected":false},"excerpt":{"rendered":"<p>Er hatte es ja w\u00e4hrend der Saisonabschlussfeier gesagt: Tom Fiedler denkt noch lange nicht an ein Karriereende. Und so verl\u00e4ngert der Kapit\u00e4n seinen Vertrag gleich um zwei Jahre! \u201eIch bin topfit und habe bei FASS meine sportliche Heimat gefunden\u201c, sagt der 38j\u00e4hrige. \u201eWarum soll ich da aufh\u00f6ren? Zwar sind die guten Jahre vorbei. Aber die [&hellip;]<\/p>\n","protected":false},"author":15,"featured_media":22148,"comment_status":"open","ping_status":"open","sticky":false,"template":"","format":"standard","meta":{"_exactmetrics_skip_tracking":false,"_exactmetrics_sitenote_active":false,"_exactmetrics_sitenote_note":"","_exactmetrics_sitenote_category":0,"jetpack_post_was_ever_published":false,"_jetpack_newsletter_access":"","_jetpack_dont_email_post_to_subs":false,"_jetpack_newsletter_tier_id":0,"_jetpack_memberships_contains_paywalled_content":false,"_jetpack_memberships_contains_paid_content":false,"footnotes":"","jetpack_publicize_message":"","jetpack_publicize_feature_enabled":true,"jetpack_social_post_already_shared":true,"jetpack_social_options":{"image_generator_settings":{"template":"highway","default_image_id":0,"font":"","enabled":false},"version":2}},"categories":[50],"tags":[],"class_list":["post-22149","post","type-post","status-publish","format-standard","has-post-thumbnail","hentry","category-regionalliga-ost"],"jetpack_publicize_connections":[],"jetpack_featured_media_url":"https:\/\/www.fass-berlin.de\/wp-content\/uploads\/2024\/06\/FASSZINATION-EISHOCKEY_20240618_090939_0000.png","jetpack_sharing_enabled":true,"jetpack_shortlink":"https:\/\/wp.me\/paiOCx-5Lf","jetpack_likes_enabled":true,"jetpack-related-posts":[],"_links":{"self":[{"href":"https:\/\/www.fass-berlin.de\/startseite\/wp-json\/wp\/v2\/posts\/22149","targetHints":{"allow":["GET"]}}],"collection":[{"href":"https:\/\/www.fass-berlin.de\/startseite\/wp-json\/wp\/v2\/posts"}],"about":[{"href":"https:\/\/www.fass-berlin.de\/startseite\/wp-json\/wp\/v2\/types\/post"}],"author":[{"embeddable":true,"href":"https:\/\/www.fass-berlin.de\/startseite\/wp-json\/wp\/v2\/users\/15"}],"replies":[{"embeddable":true,"href":"https:\/\/www.fass-berlin.de\/startseite\/wp-json\/wp\/v2\/comments?post=22149"}],"version-history":[{"count":3,"href":"https:\/\/www.fass-berlin.de\/startseite\/wp-json\/wp\/v2\/posts\/22149\/revisions"}],"predecessor-version":[{"id":22152,"href":"https:\/\/www.fass-berlin.de\/startseite\/wp-json\/wp\/v2\/posts\/22149\/revisions\/22152"}],"wp:featuredmedia":[{"embeddable":true,"href":"https:\/\/www.fass-berlin.de\/startseite\/wp-json\/wp\/v2\/media\/22148"}],"wp:attachment":[{"href":"https:\/\/www.fass-berlin.de\/startseite\/wp-json\/wp\/v2\/media?parent=22149"}],"wp:term":[{"taxonomy":"category","embeddable":true,"href":"https:\/\/www.fass-berlin.de\/startseite\/wp-json\/wp\/v2\/categories?post=22149"},{"taxonomy":"post_tag","embeddable":true,"href":"https:\/\/www.fass-berlin.de\/startseite\/wp-json\/wp\/v2\/tags?post=22149"}],"curies":[{"name":"wp","href":"https:\/\/api.w.org\/{rel}","templated":true}]}}