{"id":22185,"date":"2024-07-18T12:43:49","date_gmt":"2024-07-18T10:43:49","guid":{"rendered":"https:\/\/www.fass-berlin.de\/startseite\/?p=22185"},"modified":"2024-07-18T12:43:49","modified_gmt":"2024-07-18T10:43:49","slug":"soeren-thiem-steht-weiter-im-tor","status":"publish","type":"post","link":"https:\/\/www.fass-berlin.de\/startseite\/2024\/07\/18\/soeren-thiem-steht-weiter-im-tor\/","title":{"rendered":"S\u00f6ren Thiem steht weiter im Tor"},"content":{"rendered":"<p><a href=\"https:\/\/www.fass-berlin.de\/startseite\/player\/soeren-thiem\/\">S\u00f6ren Thiem<\/a> bleibt bei FASS Berlin und wird mit <a href=\"https:\/\/www.fass-berlin.de\/startseite\/player\/eric-steffen\/\">Eric Steffen<\/a> das Goalie-Duo bilden. Der 27j\u00e4hrige stand erstmals 2015\/16 im Kader, war aber zwischenzeitlich auch f\u00fcr andere Mannschaften in der Hauptstadt aktiv. In der vergangenen Saison kehrte Thiem nach Mitte zur\u00fcck und kam auf 16 Eins\u00e4tze (Gegentorschnitt 2,93, Fangquote 89,7%). Damit leistete er einen wesentlichen Beitrag zum Titelgewinn, auch wenn er wegen einer Verletzung in Spiel 3 des Halbfinales leider im Finale ausfiel.<\/p>\n<p>Die Vertragsverl\u00e4ngerung wird pr\u00e4sentiert von unserem langj\u00e4hrigen F\u00f6rderer <strong>Ram Consult GmbH<\/strong>.<\/p>\n","protected":false},"excerpt":{"rendered":"<p>S\u00f6ren Thiem bleibt bei FASS Berlin und wird mit Eric Steffen das Goalie-Duo bilden. Der 27j\u00e4hrige stand erstmals 2015\/16 im Kader, war aber zwischenzeitlich auch f\u00fcr andere Mannschaften in der Hauptstadt aktiv. In der vergangenen Saison kehrte Thiem nach Mitte zur\u00fcck und kam auf 16 Eins\u00e4tze (Gegentorschnitt 2,93, Fangquote 89,7%). Damit leistete er einen wesentlichen [&hellip;]<\/p>\n","protected":false},"author":15,"featured_media":22186,"comment_status":"open","ping_status":"open","sticky":false,"template":"","format":"standard","meta":{"_exactmetrics_skip_tracking":false,"_exactmetrics_sitenote_active":false,"_exactmetrics_sitenote_note":"","_exactmetrics_sitenote_category":0,"jetpack_post_was_ever_published":false,"_jetpack_newsletter_access":"","_jetpack_dont_email_post_to_subs":false,"_jetpack_newsletter_tier_id":0,"_jetpack_memberships_contains_paywalled_content":false,"_jetpack_memberships_contains_paid_content":false,"footnotes":"","jetpack_publicize_message":"","jetpack_publicize_feature_enabled":true,"jetpack_social_post_already_shared":true,"jetpack_social_options":{"image_generator_settings":{"template":"highway","default_image_id":0,"font":"","enabled":false},"version":2}},"categories":[50],"tags":[],"class_list":["post-22185","post","type-post","status-publish","format-standard","has-post-thumbnail","hentry","category-regionalliga-ost"],"jetpack_publicize_connections":[],"jetpack_featured_media_url":"https:\/\/www.fass-berlin.de\/wp-content\/uploads\/2024\/07\/ThiemFASSZINATION-EISHOCKEY.png","jetpack_sharing_enabled":true,"jetpack_shortlink":"https:\/\/wp.me\/paiOCx-5LP","jetpack_likes_enabled":true,"jetpack-related-posts":[],"_links":{"self":[{"href":"https:\/\/www.fass-berlin.de\/startseite\/wp-json\/wp\/v2\/posts\/22185","targetHints":{"allow":["GET"]}}],"collection":[{"href":"https:\/\/www.fass-berlin.de\/startseite\/wp-json\/wp\/v2\/posts"}],"about":[{"href":"https:\/\/www.fass-berlin.de\/startseite\/wp-json\/wp\/v2\/types\/post"}],"author":[{"embeddable":true,"href":"https:\/\/www.fass-berlin.de\/startseite\/wp-json\/wp\/v2\/users\/15"}],"replies":[{"embeddable":true,"href":"https:\/\/www.fass-berlin.de\/startseite\/wp-json\/wp\/v2\/comments?post=22185"}],"version-history":[{"count":1,"href":"https:\/\/www.fass-berlin.de\/startseite\/wp-json\/wp\/v2\/posts\/22185\/revisions"}],"predecessor-version":[{"id":22187,"href":"https:\/\/www.fass-berlin.de\/startseite\/wp-json\/wp\/v2\/posts\/22185\/revisions\/22187"}],"wp:featuredmedia":[{"embeddable":true,"href":"https:\/\/www.fass-berlin.de\/startseite\/wp-json\/wp\/v2\/media\/22186"}],"wp:attachment":[{"href":"https:\/\/www.fass-berlin.de\/startseite\/wp-json\/wp\/v2\/media?parent=22185"}],"wp:term":[{"taxonomy":"category","embeddable":true,"href":"https:\/\/www.fass-berlin.de\/startseite\/wp-json\/wp\/v2\/categories?post=22185"},{"taxonomy":"post_tag","embeddable":true,"href":"https:\/\/www.fass-berlin.de\/startseite\/wp-json\/wp\/v2\/tags?post=22185"}],"curies":[{"name":"wp","href":"https:\/\/api.w.org\/{rel}","templated":true}]}}