{"id":22215,"date":"2024-08-06T17:41:58","date_gmt":"2024-08-06T15:41:58","guid":{"rendered":"https:\/\/www.fass-berlin.de\/startseite\/?p=22215"},"modified":"2024-08-06T17:41:58","modified_gmt":"2024-08-06T15:41:58","slug":"dreierpack-teil-3-justin-polok-kehrt-zu-seinen-anfaengen-zurueck","status":"publish","type":"post","link":"https:\/\/www.fass-berlin.de\/startseite\/2024\/08\/06\/dreierpack-teil-3-justin-polok-kehrt-zu-seinen-anfaengen-zurueck\/","title":{"rendered":"Dreierpack Teil 3: Justin Polok kehrt zu seinen Anf\u00e4ngen zur\u00fcck"},"content":{"rendered":"<p>Ja, wir k\u00f6nnen noch einen dritten Neuzugang aus der DNL U20 vermelden: <strong>Justin Polok<\/strong> hat die letzten neun Jahre bei den Eisb\u00e4ren Juniors gespielt. Bis zur U11 (2013-2015) spielte der Verteidiger allerdings bereits bei FASS, so dass er eine R\u00fcckkehr ins Erika-He\u00df-Eisstadion erleben wird. In seinem letzten Jahr in Hohensch\u00f6nhausen verpasste er knapp die Deutsche Meisterschaft, so dass es bei dem einen Titel 2022 blieb.<\/p>\n<p>Der 20j\u00e4hrige notiert 107 Spiele in der DNL mit 9 Toren und 19 Assists. Jetzt wechselt er mit seinen langj\u00e4hrigen Teamkollegen <a href=\"https:\/\/www.fass-berlin.de\/startseite\/2024\/08\/05\/dreierpack-teil-2-alessandro-falk-verstaerkt-die-defensive\/\">Alessandro Falk<\/a> und <a href=\"https:\/\/www.fass-berlin.de\/startseite\/2024\/08\/04\/dreierpack-teil-1-nils-herzog-kommt-zu-fass\/\">Nils Herzog<\/a> zu FASS Berlin.<\/p>\n<p>&#8222;Wir freuen uns sehr, dass sich drei so talentierte Spieler entschieden haben, ihre Seniorenkarriere bei FASS zu starten&#8220;, meint der Sportliche Leiter Peter Wagenfeldt. &#8222;Beg\u00fcnstigt wurde das durch die Local-Player-Regelung in der Oberliga, welche f\u00fcr den Jahrgang 2004 deutschlandweit ein Hindernis darstellt. Aber unser Ruf ist mittlerweile so stark, dass diese Jungs uns als eine gute Alternative sehen.&#8220;<\/p>\n<p>Erm\u00f6glicht hat den Dreierpack unser Hauptsponsor <strong>ARKTIS<\/strong> &#8211; The Solutions Company. Die Berliner IT-Experten unterst\u00fctzen FASS bereits seit 2010.<\/p>\n","protected":false},"excerpt":{"rendered":"<p>Ja, wir k\u00f6nnen noch einen dritten Neuzugang aus der DNL U20 vermelden: Justin Polok hat die letzten neun Jahre bei den Eisb\u00e4ren Juniors gespielt. Bis zur U11 (2013-2015) spielte der Verteidiger allerdings bereits bei FASS, so dass er eine R\u00fcckkehr ins Erika-He\u00df-Eisstadion erleben wird. In seinem letzten Jahr in Hohensch\u00f6nhausen verpasste er knapp die Deutsche [&hellip;]<\/p>\n","protected":false},"author":15,"featured_media":22216,"comment_status":"open","ping_status":"open","sticky":false,"template":"","format":"standard","meta":{"_exactmetrics_skip_tracking":false,"_exactmetrics_sitenote_active":false,"_exactmetrics_sitenote_note":"","_exactmetrics_sitenote_category":0,"jetpack_post_was_ever_published":false,"_jetpack_newsletter_access":"","_jetpack_dont_email_post_to_subs":false,"_jetpack_newsletter_tier_id":0,"_jetpack_memberships_contains_paywalled_content":false,"_jetpack_memberships_contains_paid_content":false,"footnotes":"","jetpack_publicize_message":"","jetpack_publicize_feature_enabled":true,"jetpack_social_post_already_shared":true,"jetpack_social_options":{"image_generator_settings":{"template":"highway","default_image_id":0,"font":"","enabled":false},"version":2}},"categories":[50],"tags":[],"class_list":["post-22215","post","type-post","status-publish","format-standard","has-post-thumbnail","hentry","category-regionalliga-ost"],"jetpack_publicize_connections":[],"jetpack_featured_media_url":"https:\/\/www.fass-berlin.de\/wp-content\/uploads\/2024\/08\/FASSZINATION-EISHOCKEY_20240731_112536_0000.png","jetpack_sharing_enabled":true,"jetpack_shortlink":"https:\/\/wp.me\/paiOCx-5Mj","jetpack_likes_enabled":true,"jetpack-related-posts":[],"_links":{"self":[{"href":"https:\/\/www.fass-berlin.de\/startseite\/wp-json\/wp\/v2\/posts\/22215","targetHints":{"allow":["GET"]}}],"collection":[{"href":"https:\/\/www.fass-berlin.de\/startseite\/wp-json\/wp\/v2\/posts"}],"about":[{"href":"https:\/\/www.fass-berlin.de\/startseite\/wp-json\/wp\/v2\/types\/post"}],"author":[{"embeddable":true,"href":"https:\/\/www.fass-berlin.de\/startseite\/wp-json\/wp\/v2\/users\/15"}],"replies":[{"embeddable":true,"href":"https:\/\/www.fass-berlin.de\/startseite\/wp-json\/wp\/v2\/comments?post=22215"}],"version-history":[{"count":3,"href":"https:\/\/www.fass-berlin.de\/startseite\/wp-json\/wp\/v2\/posts\/22215\/revisions"}],"predecessor-version":[{"id":22219,"href":"https:\/\/www.fass-berlin.de\/startseite\/wp-json\/wp\/v2\/posts\/22215\/revisions\/22219"}],"wp:featuredmedia":[{"embeddable":true,"href":"https:\/\/www.fass-berlin.de\/startseite\/wp-json\/wp\/v2\/media\/22216"}],"wp:attachment":[{"href":"https:\/\/www.fass-berlin.de\/startseite\/wp-json\/wp\/v2\/media?parent=22215"}],"wp:term":[{"taxonomy":"category","embeddable":true,"href":"https:\/\/www.fass-berlin.de\/startseite\/wp-json\/wp\/v2\/categories?post=22215"},{"taxonomy":"post_tag","embeddable":true,"href":"https:\/\/www.fass-berlin.de\/startseite\/wp-json\/wp\/v2\/tags?post=22215"}],"curies":[{"name":"wp","href":"https:\/\/api.w.org\/{rel}","templated":true}]}}