{"id":22595,"date":"2024-10-24T15:50:16","date_gmt":"2024-10-24T13:50:16","guid":{"rendered":"https:\/\/www.fass-berlin.de\/startseite\/?p=22595"},"modified":"2024-10-24T15:54:03","modified_gmt":"2024-10-24T13:54:03","slug":"tabellenspitze-am-freitag-erobern-am-samstag-verteidigen","status":"publish","type":"post","link":"https:\/\/www.fass-berlin.de\/startseite\/2024\/10\/24\/tabellenspitze-am-freitag-erobern-am-samstag-verteidigen\/","title":{"rendered":"Tabellenspitze: Am Freitag erobern, am Samstag verteidigen!"},"content":{"rendered":"<p>Obwohl FASS Berlin als einziges Team der Regionalliga Ost noch verlustpunktfrei ist, <a href=\"https:\/\/www.fass-berlin.de\/startseite\/regionalliga-ost-2\/regionalliga-ost-2024-25\/\">liegt man auf Rang 3<\/a>. Chemnitz und Sch\u00f6nheide haben schlicht ein Spiel mehr ausgetragen. Das \u00e4ndert sich am kommenden Wochenende, wenn FASS an einem Doppelspieltag nach der Spitze greift.<\/p>\n<p><strong>Am Samstag (26.10.24, 19:15 Uhr, Eissporthalle Charlottenburg) kommt der ESC Dresden nach Berlin.<\/strong> Die Abendkasse \u00f6ffnet um 18:15 Uhr. Tagestickets kosten 8 Euro (Tagesticket VIP: 22 Euro). Es sind auch noch Saisontickets erh\u00e4ltlich.<\/p>\n<h5>Heimspiel am Samstag<\/h5>\n<p>Die G\u00e4ste aus der s\u00e4chsischen Landeshauptstadt sind gut gestartet und liegen mit zwei Siegen und zwei Niederlagen im Mittelfeld. Rund um Routinier Thomas Barth hat sich eine gute Mischung aus jungen und erfahrenen Spielern gebildet, welche \u00fcberwiegend in der hochwertigen Dresdner Talentschmiede ausgebildet wurden. Bester Scorer in einem ausgeglichenen Team ist bislang Maxim Rebizov. Im Tor hat der aus Chemnitz gekommene Yannic Schulze bislang \u00fcberzeugt.<\/p>\n<p>FASS ist also gewarnt, geht aber nat\u00fcrlich hoch favorisiert ins Spiel. Wenn die Fans \u00e4hnlich begeistert mitgehen wie beim <a href=\"https:\/\/www.fass-berlin.de\/startseite\/event\/22254\/\">6:4-Erfolg gegen Sch\u00f6nheide am letzten Wochenende<\/a>, sollte einem weiteren Dreier nichts im Wege stehen. Pr\u00e4sentiert wird das Spiel von unserem langj\u00e4hrigen Partner HOLZHOF RHEINSBERG.<\/p>\n<p><span class=\"embed-youtube\" style=\"text-align:center; display: block;\"><iframe loading=\"lazy\" class=\"youtube-player\" width=\"653\" height=\"368\" src=\"https:\/\/www.youtube.com\/embed\/1r2MpdO1NaM?version=3&#038;rel=1&#038;showsearch=0&#038;showinfo=1&#038;iv_load_policy=1&#038;fs=1&#038;hl=de-DE&#038;autohide=2&#038;wmode=transparent\" allowfullscreen=\"true\" style=\"border:0;\" sandbox=\"allow-scripts allow-same-origin allow-popups allow-presentation allow-popups-to-escape-sandbox\"><\/iframe><\/span><\/p>\n<h5>Am Freitag in Wei\u00dfwasser<\/h5>\n<p>Die Tabellenspitze soll bereits am Freitagabend (25.10.24) geholt werden. Die Nordberliner reisen dann nach Wei\u00dfwasser, wo um 20:00 Uhr die Jungf\u00fcchse warten. Die Gastgeber mussten bisher einige herbe Niederlagen einstecken und <a href=\"https:\/\/www.fass-berlin.de\/startseite\/regionalliga-ost-2\/regionalliga-ost-2024-25\/\">stehen am Tabellenende<\/a>. Doch angeschlagene Boxer sind gef\u00e4hrlich, und FASS hatte in der Vergangenheit schon h\u00e4ufiger Probleme im Fuchsbau. Das Team freut sich jedenfalls auch bei diesem Duell auf Unterst\u00fctzung seiner reisefreudigen Fans.<\/p>\n<h5>Der Kader am Wochenende<\/h5>\n<p>Headcoach Christopher Scholz wird an diesem Wochenende sicherlich einigen Akteuren eine Chance geben, die sonst nicht so sehr im Blickpunkt stehen. Gerade am Freitag wird die ein oder andere Stammkraft fehlen, was nicht an dem ungewohnten Termin, sondern an einem erfreulichen Anlass liegt. Das wollen wir aber an dieser Stelle noch nicht aufl\u00f6sen.<\/p>\n<p>Erstmals in einem Pflichtspiel zum Einsatz kommen soll jedenfalls Neuzugang <a href=\"https:\/\/www.fass-berlin.de\/startseite\/player\/benjamin-huefner\/\">Benjamin H\u00fcfner<\/a>, der vom Herner EV nach Berlin wechselte, aber bisher nur beim Testspiel in Salzgitter dabei sein konnte. Und auch <a href=\"https:\/\/www.fass-berlin.de\/startseite\/player\/nico-jentzsch\/\">Nico Jentzsch<\/a> brennt darauf, <a href=\"https:\/\/www.fass-berlin.de\/startseite\/2024\/10\/23\/nico-jentzsch-erreicht-meilenstein\/\">seinen tollen Lauf<\/a> fortzusetzen.<\/p>\n","protected":false},"excerpt":{"rendered":"<p>Obwohl FASS Berlin als einziges Team der Regionalliga Ost noch verlustpunktfrei ist, liegt man auf Rang 3. Chemnitz und Sch\u00f6nheide haben schlicht ein Spiel mehr ausgetragen. Das \u00e4ndert sich am kommenden Wochenende, wenn FASS an einem Doppelspieltag nach der Spitze greift. Am Samstag (26.10.24, 19:15 Uhr, Eissporthalle Charlottenburg) kommt der ESC Dresden nach Berlin. Die [&hellip;]<\/p>\n","protected":false},"author":15,"featured_media":22599,"comment_status":"open","ping_status":"open","sticky":false,"template":"","format":"standard","meta":{"_exactmetrics_skip_tracking":false,"_exactmetrics_sitenote_active":false,"_exactmetrics_sitenote_note":"","_exactmetrics_sitenote_category":0,"jetpack_post_was_ever_published":false,"_jetpack_newsletter_access":"","_jetpack_dont_email_post_to_subs":false,"_jetpack_newsletter_tier_id":0,"_jetpack_memberships_contains_paywalled_content":false,"_jetpack_memberships_contains_paid_content":false,"footnotes":"","jetpack_publicize_message":"","jetpack_publicize_feature_enabled":true,"jetpack_social_post_already_shared":true,"jetpack_social_options":{"image_generator_settings":{"template":"highway","default_image_id":0,"font":"","enabled":false},"version":2}},"categories":[50],"tags":[],"class_list":["post-22595","post","type-post","status-publish","format-standard","has-post-thumbnail","hentry","category-regionalliga-ost"],"jetpack_publicize_connections":[],"jetpack_featured_media_url":"https:\/\/www.fass-berlin.de\/wp-content\/uploads\/2024\/10\/Weisswasser-und-Dresden.jpg","jetpack_sharing_enabled":true,"jetpack_shortlink":"https:\/\/wp.me\/paiOCx-5Sr","jetpack_likes_enabled":true,"jetpack-related-posts":[],"_links":{"self":[{"href":"https:\/\/www.fass-berlin.de\/startseite\/wp-json\/wp\/v2\/posts\/22595","targetHints":{"allow":["GET"]}}],"collection":[{"href":"https:\/\/www.fass-berlin.de\/startseite\/wp-json\/wp\/v2\/posts"}],"about":[{"href":"https:\/\/www.fass-berlin.de\/startseite\/wp-json\/wp\/v2\/types\/post"}],"author":[{"embeddable":true,"href":"https:\/\/www.fass-berlin.de\/startseite\/wp-json\/wp\/v2\/users\/15"}],"replies":[{"embeddable":true,"href":"https:\/\/www.fass-berlin.de\/startseite\/wp-json\/wp\/v2\/comments?post=22595"}],"version-history":[{"count":5,"href":"https:\/\/www.fass-berlin.de\/startseite\/wp-json\/wp\/v2\/posts\/22595\/revisions"}],"predecessor-version":[{"id":22601,"href":"https:\/\/www.fass-berlin.de\/startseite\/wp-json\/wp\/v2\/posts\/22595\/revisions\/22601"}],"wp:featuredmedia":[{"embeddable":true,"href":"https:\/\/www.fass-berlin.de\/startseite\/wp-json\/wp\/v2\/media\/22599"}],"wp:attachment":[{"href":"https:\/\/www.fass-berlin.de\/startseite\/wp-json\/wp\/v2\/media?parent=22595"}],"wp:term":[{"taxonomy":"category","embeddable":true,"href":"https:\/\/www.fass-berlin.de\/startseite\/wp-json\/wp\/v2\/categories?post=22595"},{"taxonomy":"post_tag","embeddable":true,"href":"https:\/\/www.fass-berlin.de\/startseite\/wp-json\/wp\/v2\/tags?post=22595"}],"curies":[{"name":"wp","href":"https:\/\/api.w.org\/{rel}","templated":true}]}}