{"id":22946,"date":"2025-01-10T18:06:35","date_gmt":"2025-01-10T17:06:35","guid":{"rendered":"https:\/\/www.fass-berlin.de\/startseite\/?p=22946"},"modified":"2025-01-10T18:06:35","modified_gmt":"2025-01-10T17:06:35","slug":"fass-am-sonntag-bei-den-eisbaeren","status":"publish","type":"post","link":"https:\/\/www.fass-berlin.de\/startseite\/2025\/01\/10\/fass-am-sonntag-bei-den-eisbaeren\/","title":{"rendered":"FASS am Sonntag bei den Eisb\u00e4ren"},"content":{"rendered":"<p><strong>Die Punktejagd geht weiter: Am Sonntag (12.01.25, 16:00 Uhr) tritt FASS ausw\u00e4rts bei den Eisb\u00e4ren Juniors im Wellblechpalast an. <a href=\"https:\/\/www.eisbaeren-juniors.de\/tickets-regionalliga\/\">Tickets gibt es nur online. Der FASS-Anhang sitzt \u00fcblicherweise in Block C.<\/a><\/strong><\/p>\n<p>Aufgrund der Begleitumst\u00e4nde der OT-Niederlage am vergangenen Wochenende in Sch\u00f6nheide war die Stimmung auf der Heimfahrt gereizt. &#8222;Wir m\u00fcssen das jetzt abhaken und nach vorne schauen&#8220;, meint Headcoach Christopher Scholz. &#8222;Am Ende des Tages hat uns das letzte Wochenende unserem Ziel n\u00e4her gebracht, am Ende der Hauptrunde auf Rang 1 zu stehen. Darauf m\u00fcssen wir weiter aufbauen.&#8220;<\/p>\n<p>Die Eisb\u00e4ren bilden in der Regionalliga Ost quasi das Tabellenmittelfeld, denn sie <a href=\"https:\/\/www.fass-berlin.de\/startseite\/regionalliga-ost-2\/regionalliga-ost-2024-25\/\">liegen schon deutlich hinter den vier Top-Mannschaften<\/a>, haben sich aber von den anderen drei Teams ebenfalls abgesetzt. Wenn man nochmal in den Kampf um die Playoff-Pl\u00e4tze eingreifen will, muss unbedingt in den drei ausstehenden Spielen gegen FASS gepunktet werden. F\u00fcr Spannung ist also gesorgt.<\/p>\n<p>FASS muss bei dem wichtigen Spiel auf Goalie David Kubik und Defender Daniel Kruggel verzichten, die beide in Sch\u00f6nheide eine Spieldauer-Disziplinarstrafe erhielten.<\/p>\n<p>Foto: Philipp Knop<\/p>\n","protected":false},"excerpt":{"rendered":"<p>Die Punktejagd geht weiter: Am Sonntag (12.01.25, 16:00 Uhr) tritt FASS ausw\u00e4rts bei den Eisb\u00e4ren Juniors im Wellblechpalast an. Tickets gibt es nur online. Der FASS-Anhang sitzt \u00fcblicherweise in Block C. Aufgrund der Begleitumst\u00e4nde der OT-Niederlage am vergangenen Wochenende in Sch\u00f6nheide war die Stimmung auf der Heimfahrt gereizt. &#8222;Wir m\u00fcssen das jetzt abhaken und nach [&hellip;]<\/p>\n","protected":false},"author":15,"featured_media":22947,"comment_status":"open","ping_status":"open","sticky":false,"template":"","format":"standard","meta":{"_exactmetrics_skip_tracking":false,"_exactmetrics_sitenote_active":false,"_exactmetrics_sitenote_note":"","_exactmetrics_sitenote_category":0,"jetpack_post_was_ever_published":false,"_jetpack_newsletter_access":"","_jetpack_dont_email_post_to_subs":false,"_jetpack_newsletter_tier_id":0,"_jetpack_memberships_contains_paywalled_content":false,"_jetpack_memberships_contains_paid_content":false,"footnotes":"","jetpack_publicize_message":"","jetpack_publicize_feature_enabled":true,"jetpack_social_post_already_shared":true,"jetpack_social_options":{"image_generator_settings":{"template":"highway","default_image_id":0,"font":"","enabled":false},"version":2}},"categories":[50],"tags":[],"class_list":["post-22946","post","type-post","status-publish","format-standard","has-post-thumbnail","hentry","category-regionalliga-ost"],"jetpack_publicize_connections":[],"jetpack_featured_media_url":"https:\/\/www.fass-berlin.de\/wp-content\/uploads\/2025\/01\/Eisbaeren-FASS-scaled-e1736528584839.jpg","jetpack_sharing_enabled":true,"jetpack_shortlink":"https:\/\/wp.me\/paiOCx-5Y6","jetpack_likes_enabled":true,"jetpack-related-posts":[],"_links":{"self":[{"href":"https:\/\/www.fass-berlin.de\/startseite\/wp-json\/wp\/v2\/posts\/22946","targetHints":{"allow":["GET"]}}],"collection":[{"href":"https:\/\/www.fass-berlin.de\/startseite\/wp-json\/wp\/v2\/posts"}],"about":[{"href":"https:\/\/www.fass-berlin.de\/startseite\/wp-json\/wp\/v2\/types\/post"}],"author":[{"embeddable":true,"href":"https:\/\/www.fass-berlin.de\/startseite\/wp-json\/wp\/v2\/users\/15"}],"replies":[{"embeddable":true,"href":"https:\/\/www.fass-berlin.de\/startseite\/wp-json\/wp\/v2\/comments?post=22946"}],"version-history":[{"count":3,"href":"https:\/\/www.fass-berlin.de\/startseite\/wp-json\/wp\/v2\/posts\/22946\/revisions"}],"predecessor-version":[{"id":22950,"href":"https:\/\/www.fass-berlin.de\/startseite\/wp-json\/wp\/v2\/posts\/22946\/revisions\/22950"}],"wp:featuredmedia":[{"embeddable":true,"href":"https:\/\/www.fass-berlin.de\/startseite\/wp-json\/wp\/v2\/media\/22947"}],"wp:attachment":[{"href":"https:\/\/www.fass-berlin.de\/startseite\/wp-json\/wp\/v2\/media?parent=22946"}],"wp:term":[{"taxonomy":"category","embeddable":true,"href":"https:\/\/www.fass-berlin.de\/startseite\/wp-json\/wp\/v2\/categories?post=22946"},{"taxonomy":"post_tag","embeddable":true,"href":"https:\/\/www.fass-berlin.de\/startseite\/wp-json\/wp\/v2\/tags?post=22946"}],"curies":[{"name":"wp","href":"https:\/\/api.w.org\/{rel}","templated":true}]}}