{"id":22971,"date":"2025-01-12T19:55:58","date_gmt":"2025-01-12T18:55:58","guid":{"rendered":"https:\/\/www.fass-berlin.de\/startseite\/?p=22971"},"modified":"2025-01-12T19:57:45","modified_gmt":"2025-01-12T18:57:45","slug":"fass-gewinnt-bei-den-eisbaeren","status":"publish","type":"post","link":"https:\/\/www.fass-berlin.de\/startseite\/2025\/01\/12\/fass-gewinnt-bei-den-eisbaeren\/","title":{"rendered":"FASS gewinnt bei den Eisb\u00e4ren"},"content":{"rendered":"<p style=\"font-weight: 400;\"><strong>Ein starkes erstes Drittel brachte die Entscheidung beim Derby zwischen den Eisb\u00e4ren Juniors Berlin und FASS Berlin. Am Ende gewannen die Weddinger mit <a href=\"https:\/\/www.fass-berlin.de\/startseite\/event\/22306\/\">1:7 (0:4, 1:1, 0:2)<\/a> und halten damit Anschluss an Tabellenf\u00fchrer Sch\u00f6nheider W\u00f6lfe.<\/strong><\/p>\n<p style=\"font-weight: 400;\">Bisher konnten die Juniors gegen FASS noch nie gewinnen und wenn es nach den Weddingern ging, sollte das auch so bleiben. Chancenlos waren die mit 18 Spieler angetretenen Eisb\u00e4ren gegen die 17 Spieler von FASS aber nach den bisher in der Saison gezeigten Leistungen nicht. Viel w\u00fcrde auch auf die Torh\u00fcter Philipp L\u00fccke bei den Juniors und <a href=\"https:\/\/www.fass-berlin.de\/startseite\/player\/hoffmannpatrick\/\">Patrick Hoffmann<\/a> bei FASS ankommen.<\/p>\n<h5 style=\"font-weight: 400;\"><strong>Das Spiel<\/strong><\/h5>\n<p style=\"font-weight: 400;\">FASS dr\u00fcckte die Juniors von Beginn an hinten rein und lie\u00df nur wenige Gegenangriffe zu. Nach f\u00fcnf Minuten konnten sie so verdient in F\u00fchrung gehen. <a href=\"https:\/\/www.fass-berlin.de\/startseite\/player\/daniel-volynec\/\">Daniel Volynec<\/a> war der Torsch\u00fctze. In der 8. Minute kassierten die Juniors die erste Strafe des Spiels, und 14 Sekunden sp\u00e4ter vollendete <a href=\"https:\/\/www.fass-berlin.de\/startseite\/player\/nico-jentzsch\/\">Nico Jentzsch<\/a> einen sch\u00f6nen Spielzug mit dem 0:2. Und FASS nutzte seine Chancen weiter gut aus, <a href=\"https:\/\/www.fass-berlin.de\/startseite\/player\/dennis-thielsch\/\">Dennis Thielsch<\/a> bekam am langen Pfosten stehend einen Pass zugespielt und es stand nach elf Minuten 0:3. Als die Juniors dann zu einer ersten guten Chance kamen, folgte der Konter und das 0:4 von <a href=\"https:\/\/www.fass-berlin.de\/startseite\/player\/tom-fiedler\/\">Tom Fiedler<\/a> (16.).<\/p>\n<p style=\"font-weight: 400;\">FASS bestimmte zwar weiter das Geschehen, aber der erste Treffer des Drittels ging an die Eisb\u00e4ren. Justin Ludwig-Herbst verwandelte einen Alleingang und es stand nur noch 1:4. Eine Minute sp\u00e4ter scheiterte Mats Schwagenscheidt mit einem Penalty und vergab so die Chance, das Ergebnis noch freundlicher zu gestalten. Daf\u00fcr stand es nach 28 Minuten 1:5, <a href=\"https:\/\/www.fass-berlin.de\/startseite\/player\/ludwig-wild\/\">Ludwig Wild<\/a> h\u00e4mmerte den Puck bei \u00dcberzahl der Weddinger von der blauen Linie ins Tor. FASS kontrollierte weiter das Spiel, die Juniors hatten insgesamt nur wenige Torchancen. Tore fielen keine mehr, es blieb beim 1:5.<\/p>\n<p style=\"font-weight: 400;\">Torchancen gab es im letzten Drittel auf beiden Seiten. Die Eisb\u00e4ren spielten nun besser mit, was aber auch an einem Gegner lag, der es ruhiger angehen lie\u00df. Acht Minuten vor dem Ende konnte FASS das 1:6 erzielen. in \u00dcberzahl landete wieder ein Hammer von Ludwig Wild im Netz. Und <a href=\"https:\/\/www.fass-berlin.de\/startseite\/player\/nils-herzog\/\">Nils Herzog<\/a> konnte zwei Minuten sp\u00e4ter nach feinem Zuspiel von Dennis Thielsch sogar auf 1:7 erh\u00f6hen. Es blieb bei diesem Ergebnis und einem am Ende ungef\u00e4hrdeten Sieg.<\/p>\n<p style=\"font-weight: 400;\">FASS lie\u00df in diesem Spiel nichts anbrennen, sie bestimmten das Spiel \u00fcber die gesamte Spielzeit. Allerdings musste man den Sieg teuer bezahlen. Besonders schwer erwischte es <a href=\"https:\/\/www.fass-berlin.de\/startseite\/player\/luis-noack\/\">Luis Noack<\/a>, der mit einer Oberk\u00f6rperverletzung wohl einige Wochen ausfallen wird.<\/p>\n<h5>Der Ausblick<\/h5>\n<p style=\"font-weight: 400;\"><a href=\"https:\/\/www.fass-berlin.de\/startseite\/regionalliga-ost-2\/regionalliga-ost-2024-25\/\">In der Tabelle haben die Nordberliner nun noch zwei Punkte R\u00fcckstand auf die Sch\u00f6nheider W\u00f6lfe<\/a>, die aber auch zwei Spiele mehr absolviert haben. Weiter geht es am kommenden Wochenende f\u00fcr FASS mit zwei Heimspielen. Am Samstag kommen die Eisb\u00e4ren um 19:00 Uhr in den Wedding, Sonntag um 13:30 Uhr der ESC Dresden.<\/p>\n<h5 style=\"font-weight: 400;\"><strong>Die Statistik<\/strong><\/h5>\n<p style=\"font-weight: 400;\"><strong>FASS<\/strong>: Hoffmann (Bernhardt) &#8211; Wild, Falk; Miethke, Polok; Babinsky, Lendzian &#8211; Volynec, Kubail, Braun; Licitis, Fiedler, Jentzsch; Noack, Herzog, Thielsch; Miguez, Weihrauch.<br \/>\n<strong>Tore<\/strong>:<br \/>\n0:1 (04:47) <strong>Volynec<\/strong> (Falk, Kubail), 0:2 (07:56) <strong>Jentzsch<\/strong> (Fiedler, Thielsch) PP1, 0:3 (10:34) <strong>Thielsch<\/strong> (Herzog, Noack), 0:4 (15:34) <strong>Fiedler<\/strong> (Polok, Jentzsch);<br \/>\n1:4 (24:42) Ludwig-Herbst, 1:5 (27:10) <strong>Wild<\/strong> (Kubail, Miguez) PP1;<br \/>\n1:6 (51:40) <strong>Wild<\/strong> (Volynec, Kubail) PP1, 1:7 (53:50) <strong>Herzog<\/strong> (Thielsch).<br \/>\n<strong>Schiedsrichter<\/strong>: Simankov \u2013 Barz, Kr\u00fcger.<br \/>\n<strong>Strafen<\/strong>: Eisb\u00e4ren 12 (2\/6\/4), FASS 2 (0\/2\/0).<br \/>\n<strong>Zuschauer<\/strong>: 206.<br \/>\n<strong>Sch\u00fcsse<\/strong>: 28-45.<br \/>\n<strong>Face-off<\/strong>: 29-40.<\/p>\n<p>Foto: Philipp Knop<\/p>\n","protected":false},"excerpt":{"rendered":"<p>Ein starkes erstes Drittel brachte die Entscheidung beim Derby zwischen den Eisb\u00e4ren Juniors Berlin und FASS Berlin. Am Ende gewannen die Weddinger mit 1:7 (0:4, 1:1, 0:2) und halten damit Anschluss an Tabellenf\u00fchrer Sch\u00f6nheider W\u00f6lfe. Bisher konnten die Juniors gegen FASS noch nie gewinnen und wenn es nach den Weddingern ging, sollte das auch so [&hellip;]<\/p>\n","protected":false},"author":9,"featured_media":22973,"comment_status":"open","ping_status":"open","sticky":false,"template":"","format":"standard","meta":{"_exactmetrics_skip_tracking":false,"_exactmetrics_sitenote_active":false,"_exactmetrics_sitenote_note":"","_exactmetrics_sitenote_category":0,"jetpack_post_was_ever_published":false,"_jetpack_newsletter_access":"","_jetpack_dont_email_post_to_subs":false,"_jetpack_newsletter_tier_id":0,"_jetpack_memberships_contains_paywalled_content":false,"_jetpack_memberships_contains_paid_content":false,"footnotes":"","jetpack_publicize_message":"","jetpack_publicize_feature_enabled":true,"jetpack_social_post_already_shared":true,"jetpack_social_options":{"image_generator_settings":{"template":"highway","default_image_id":0,"font":"","enabled":false},"version":2}},"categories":[50],"tags":[],"class_list":["post-22971","post","type-post","status-publish","format-standard","has-post-thumbnail","hentry","category-regionalliga-ost"],"jetpack_publicize_connections":[],"jetpack_featured_media_url":"https:\/\/www.fass-berlin.de\/wp-content\/uploads\/2025\/01\/@Eisbaeren-Polok-scaled.jpg","jetpack_sharing_enabled":true,"jetpack_shortlink":"https:\/\/wp.me\/paiOCx-5Yv","jetpack_likes_enabled":true,"jetpack-related-posts":[],"_links":{"self":[{"href":"https:\/\/www.fass-berlin.de\/startseite\/wp-json\/wp\/v2\/posts\/22971","targetHints":{"allow":["GET"]}}],"collection":[{"href":"https:\/\/www.fass-berlin.de\/startseite\/wp-json\/wp\/v2\/posts"}],"about":[{"href":"https:\/\/www.fass-berlin.de\/startseite\/wp-json\/wp\/v2\/types\/post"}],"author":[{"embeddable":true,"href":"https:\/\/www.fass-berlin.de\/startseite\/wp-json\/wp\/v2\/users\/9"}],"replies":[{"embeddable":true,"href":"https:\/\/www.fass-berlin.de\/startseite\/wp-json\/wp\/v2\/comments?post=22971"}],"version-history":[{"count":3,"href":"https:\/\/www.fass-berlin.de\/startseite\/wp-json\/wp\/v2\/posts\/22971\/revisions"}],"predecessor-version":[{"id":22976,"href":"https:\/\/www.fass-berlin.de\/startseite\/wp-json\/wp\/v2\/posts\/22971\/revisions\/22976"}],"wp:featuredmedia":[{"embeddable":true,"href":"https:\/\/www.fass-berlin.de\/startseite\/wp-json\/wp\/v2\/media\/22973"}],"wp:attachment":[{"href":"https:\/\/www.fass-berlin.de\/startseite\/wp-json\/wp\/v2\/media?parent=22971"}],"wp:term":[{"taxonomy":"category","embeddable":true,"href":"https:\/\/www.fass-berlin.de\/startseite\/wp-json\/wp\/v2\/categories?post=22971"},{"taxonomy":"post_tag","embeddable":true,"href":"https:\/\/www.fass-berlin.de\/startseite\/wp-json\/wp\/v2\/tags?post=22971"}],"curies":[{"name":"wp","href":"https:\/\/api.w.org\/{rel}","templated":true}]}}