{"id":23011,"date":"2025-01-19T18:04:39","date_gmt":"2025-01-19T17:04:39","guid":{"rendered":"https:\/\/www.fass-berlin.de\/startseite\/?p=23011"},"modified":"2025-01-19T18:04:39","modified_gmt":"2025-01-19T17:04:39","slug":"arbeitssieg-fuer-den-tabellenfuehrer","status":"publish","type":"post","link":"https:\/\/www.fass-berlin.de\/startseite\/2025\/01\/19\/arbeitssieg-fuer-den-tabellenfuehrer\/","title":{"rendered":"Arbeitssieg f\u00fcr den Tabellenf\u00fchrer"},"content":{"rendered":"<p><strong>FASS schlie\u00dft das Doppel-Heimspiel-Wochenende mit einem ungef\u00e4hrdeten <a href=\"https:\/\/www.fass-berlin.de\/startseite\/event\/22283\/\">8:0 (2:0, 3:0, 3:0)-Erfolg<\/a> gegen den ESC Dresden ab. <a href=\"https:\/\/www.fass-berlin.de\/startseite\/regionalliga-ost-2\/regionalliga-ost-2024-25\/\">Lohn ist die Tabellenf\u00fchrung.<\/a><\/strong><\/p>\n<p>Gegen\u00fcber dem Vortag musste Headcoach Christopher Scholz auf Daniel Volynec verzichten, daf\u00fcr r\u00fcckte Daniel Kruggel ins Team. Tim Lendzian wurde diesmal im Angriff aufgeboten. Gegen die vier Bl\u00f6cke der Berliner hatte Dresden nur zehn Skater mit gebracht.<\/p>\n<h5>Das Spiel<\/h5>\n<p>FASS agierte im ersten Drittel unkonzentriert und bekam die clever verteidigenden G\u00e4ste nicht so recht in den Griff. Das schnelle F\u00fchrungstor von <a href=\"https:\/\/www.fass-berlin.de\/startseite\/player\/nils-herzog\/\">Nils Herzog<\/a> wirkte leider nicht befl\u00fcgelnd. <a href=\"https:\/\/www.fass-berlin.de\/startseite\/player\/felix-braun\/\">Felix Braun<\/a> (10.) konnte noch einen weiteren Treffer erzielen, und so ging es mit einem 2:0 in die erste Pause.<\/p>\n<p>Wie schon am Vortag war das zweite Drittel das Beste der Berliner. <a href=\"https:\/\/www.fass-berlin.de\/startseite\/player\/nico-jentzsch\/\">Nico Jentzsch<\/a> (25.), <a href=\"https:\/\/www.fass-berlin.de\/startseite\/player\/gregor-kubail\/\">Gregor Kubail<\/a> (26.) und Kapit\u00e4n <a href=\"https:\/\/www.fass-berlin.de\/startseite\/player\/tom-fiedler\/\">Tom Fiedler<\/a> nach tollem Sololauf (33.) schraubten das Resultat auf 5:0. Beide Teams hatten einige weitere Chancen, konnten sich aber auf ihre gut aufgelegten Goalies verlassen.<\/p>\n<p>Der Schlussabschnitt pl\u00e4tscherte so dahin, bis <a href=\"https:\/\/www.fass-berlin.de\/startseite\/player\/david-levin\/\">David Levin<\/a> sich in einen Angriff einschaltete und von halblinks kommend die Scheibe ins linke Eck schoss (51.); der erste Saisontreffer des Verteidigers. Das war nochmal ein Weckruf f\u00fcr seine Mannschaftskollegen, welche durch Gregor Kubail und Felix Braun ein 8:0 auf die Anzeigetafel brachten. Dresden nahm eine Auszeit, und das Spiel beruhigte sich fortan wieder.<\/p>\n<p>Am Ende des Spiels wurden die Torh\u00fcter Yannic Schulze (Dresden) und <a href=\"https:\/\/www.fass-berlin.de\/startseite\/player\/david-kubik\/\">David Kubik<\/a> (FASS) als beste Akteure ausgezeichnet. David Kubik ist als F\u00f6rderlizenzspieler von den Rostock Piranhas seit Januar dabei und schaffte in seinen vier Eins\u00e4tzen schon zwei Shutouts.<\/p>\n<p>Die 172 Zuschauerinnen und Zuschauer hatten sicherlich kein spektakul\u00e4res Regionalligaspiel gesehen, sondern einen Arbeitssieg gegen einen unangenehmen Gegner.<\/p>\n<h5>Der Ausblick<\/h5>\n<p>In der kommenden Woche steht FASS vor einer ungleich schwereren Aufgabe, wenn die Luchse Lauterbach zum Spitzenspiel ins Erika-He\u00df-Eisstadion kommen. Auf dem Weg zum angestrebten ersten Rang am Ende der Hauptrunde ist dies ein Schl\u00fcsselspiel. F\u00fcr stimmungsvolle Atmosph\u00e4re ist gesorgt, denn die G\u00e4ste werden von einem (bereits ausverkauften) Sonderbus mit Fans begleitet.<\/p>\n<h5>Die Statistik<\/h5>\n<p><strong>FASS<\/strong>: Kubik (Hoffmann) &#8211; Wild, Falk; Miethke, Polok; H\u00fcfner, Kruggel; Levin, Prei\u00df &#8211; Herzog, Kubail, Braun; Licitis, Fiedler, Jentzsch; Weihrauch, Miguez, Thielsch; Hellwig, Lendzian.<br \/>\n<strong>Tore<\/strong>:<br \/>\n1:0 (00:51) <strong>Herzog<\/strong> (Kubail, Braun), 2:0 (09:10) <strong>Braun<\/strong> (Herzog, Falk);<br \/>\n3:0 (24:19) <strong>Jentzsch<\/strong> (Polok, Miethke), 4:0 (25:29) <strong>Kubail<\/strong> (Braun, Wild), 5:0 (32:44) <strong>Fiedler<\/strong>;<br \/>\n6:0 (50:38) <strong>Levin<\/strong> (Miguez), 7:0 (53:32) <strong>Kubail<\/strong> (Weihrauch), 8:0 (54:08) <strong>Braun<\/strong> (Kubail, Falk).<br \/>\n<strong>Schiedsrichter<\/strong>: Hecker &#8211; Kr\u00fcger, B\u00f6ttger.<br \/>\n<strong>Strafen<\/strong>: FASS 10, Dresden 2.<br \/>\n<strong>Zuschauer<\/strong>: 174.<br \/>\n<strong>Sch\u00fcsse<\/strong>: 47-22.<br \/>\n<strong>Face-off<\/strong>: 38-19.<\/p>\n<p>Foto: Philipp Knop<\/p>\n","protected":false},"excerpt":{"rendered":"<p>FASS schlie\u00dft das Doppel-Heimspiel-Wochenende mit einem ungef\u00e4hrdeten 8:0 (2:0, 3:0, 3:0)-Erfolg gegen den ESC Dresden ab. Lohn ist die Tabellenf\u00fchrung. Gegen\u00fcber dem Vortag musste Headcoach Christopher Scholz auf Daniel Volynec verzichten, daf\u00fcr r\u00fcckte Daniel Kruggel ins Team. Tim Lendzian wurde diesmal im Angriff aufgeboten. Gegen die vier Bl\u00f6cke der Berliner hatte Dresden nur zehn Skater [&hellip;]<\/p>\n","protected":false},"author":15,"featured_media":23007,"comment_status":"open","ping_status":"open","sticky":false,"template":"","format":"standard","meta":{"_exactmetrics_skip_tracking":false,"_exactmetrics_sitenote_active":false,"_exactmetrics_sitenote_note":"","_exactmetrics_sitenote_category":0,"jetpack_post_was_ever_published":false,"_jetpack_newsletter_access":"","_jetpack_dont_email_post_to_subs":false,"_jetpack_newsletter_tier_id":0,"_jetpack_memberships_contains_paywalled_content":false,"_jetpack_memberships_contains_paid_content":false,"footnotes":"","jetpack_publicize_message":"","jetpack_publicize_feature_enabled":true,"jetpack_social_post_already_shared":true,"jetpack_social_options":{"image_generator_settings":{"template":"highway","default_image_id":0,"font":"","enabled":false},"version":2}},"categories":[50],"tags":[],"class_list":["post-23011","post","type-post","status-publish","format-standard","has-post-thumbnail","hentry","category-regionalliga-ost"],"jetpack_publicize_connections":[],"jetpack_featured_media_url":"https:\/\/www.fass-berlin.de\/wp-content\/uploads\/2025\/01\/VS-Dresden-Januar-scaled-e1737303444542.jpg","jetpack_sharing_enabled":true,"jetpack_shortlink":"https:\/\/wp.me\/paiOCx-5Z9","jetpack_likes_enabled":true,"jetpack-related-posts":[],"_links":{"self":[{"href":"https:\/\/www.fass-berlin.de\/startseite\/wp-json\/wp\/v2\/posts\/23011","targetHints":{"allow":["GET"]}}],"collection":[{"href":"https:\/\/www.fass-berlin.de\/startseite\/wp-json\/wp\/v2\/posts"}],"about":[{"href":"https:\/\/www.fass-berlin.de\/startseite\/wp-json\/wp\/v2\/types\/post"}],"author":[{"embeddable":true,"href":"https:\/\/www.fass-berlin.de\/startseite\/wp-json\/wp\/v2\/users\/15"}],"replies":[{"embeddable":true,"href":"https:\/\/www.fass-berlin.de\/startseite\/wp-json\/wp\/v2\/comments?post=23011"}],"version-history":[{"count":1,"href":"https:\/\/www.fass-berlin.de\/startseite\/wp-json\/wp\/v2\/posts\/23011\/revisions"}],"predecessor-version":[{"id":23012,"href":"https:\/\/www.fass-berlin.de\/startseite\/wp-json\/wp\/v2\/posts\/23011\/revisions\/23012"}],"wp:featuredmedia":[{"embeddable":true,"href":"https:\/\/www.fass-berlin.de\/startseite\/wp-json\/wp\/v2\/media\/23007"}],"wp:attachment":[{"href":"https:\/\/www.fass-berlin.de\/startseite\/wp-json\/wp\/v2\/media?parent=23011"}],"wp:term":[{"taxonomy":"category","embeddable":true,"href":"https:\/\/www.fass-berlin.de\/startseite\/wp-json\/wp\/v2\/categories?post=23011"},{"taxonomy":"post_tag","embeddable":true,"href":"https:\/\/www.fass-berlin.de\/startseite\/wp-json\/wp\/v2\/tags?post=23011"}],"curies":[{"name":"wp","href":"https:\/\/api.w.org\/{rel}","templated":true}]}}