{"id":23013,"date":"2025-01-21T07:26:34","date_gmt":"2025-01-21T06:26:34","guid":{"rendered":"https:\/\/www.fass-berlin.de\/startseite\/?p=23013"},"modified":"2025-01-21T07:26:34","modified_gmt":"2025-01-21T06:26:34","slug":"schock-fuer-fass-berlin-erika-hess-eisstadion-geschlossen","status":"publish","type":"post","link":"https:\/\/www.fass-berlin.de\/startseite\/2025\/01\/21\/schock-fuer-fass-berlin-erika-hess-eisstadion-geschlossen\/","title":{"rendered":"Schock f\u00fcr FASS Berlin &#8211; Erika-He\u00df-Eisstadion geschlossen"},"content":{"rendered":"<p><strong>Am Montag Nachmittag (20.01.25) ereilte uns eine schockierende Nachricht. Aus technischen Gr\u00fcnden schlie\u00dft das Erika-He\u00df-Eisstadion mit sofortiger Wirkung bis Saisonende.<\/strong><\/p>\n<p>&#8222;Es gibt zum jetzigen Zeitpunkt keine L\u00f6sung, wie wir unseren Trainings- und Spielbetrieb weiterf\u00fchren k\u00f6nnen&#8220;, sagt der Erste Vorsitzende Lucien Aicher. &#8222;Wir sind hierzu im Austausch mit dem Berliner Eissport-Verband (BEV) und den Berliner Hallenbetreibern. Wir hoffen, im Laufe der Woche tragf\u00e4hige Ergebnisse pr\u00e4sentieren zu k\u00f6nnen. Ohne das Erika-He\u00df-Eisstadion fehlen uns mehr als zehn Trainingszeiten pro Woche, der gr\u00f6\u00dfte Teil davon in der Nachwuchsarbeit.&#8220;<\/p>\n<p>Die Situation stellt die Erste Mannschaft (aktuell Tabellenf\u00fchrer der Regionalliga Ost) vor ernste Probleme. Der Sportliche Leiter Peter Wagenfeldt: &#8222;Bis zum Ende der Hauptrunde stehen noch f\u00fcnf Heimspiele auf unserem Programm, dazu kommen die Playoffs im M\u00e4rz. Wir m\u00fcssen jetzt sehr schnell kl\u00e4ren, wie dieser Spielbetrieb gew\u00e4hrleistet werden kann. Dazu kommt der Trainingsbetrieb mit zahlreichen logistischen Anforderungen; wir waren gerade erst mit gro\u00dfem Aufwand aus Charlottenburg ins Erika-He\u00df-Eisstadion umgezogen.&#8220;<\/p>\n<p><strong>Das Spitzenspiel der Regionalliga Ost (FASS gegen Luchse Lauterbach) am kommenden Samstag (25.01.25, 19:00 Uhr) findet in der Eissporthalle Charlottenburg statt.<\/strong><\/p>\n","protected":false},"excerpt":{"rendered":"<p>Am Montag Nachmittag (20.01.25) ereilte uns eine schockierende Nachricht. Aus technischen Gr\u00fcnden schlie\u00dft das Erika-He\u00df-Eisstadion mit sofortiger Wirkung bis Saisonende. &#8222;Es gibt zum jetzigen Zeitpunkt keine L\u00f6sung, wie wir unseren Trainings- und Spielbetrieb weiterf\u00fchren k\u00f6nnen&#8220;, sagt der Erste Vorsitzende Lucien Aicher. &#8222;Wir sind hierzu im Austausch mit dem Berliner Eissport-Verband (BEV) und den Berliner Hallenbetreibern. [&hellip;]<\/p>\n","protected":false},"author":15,"featured_media":23016,"comment_status":"open","ping_status":"open","sticky":false,"template":"","format":"standard","meta":{"_exactmetrics_skip_tracking":false,"_exactmetrics_sitenote_active":false,"_exactmetrics_sitenote_note":"","_exactmetrics_sitenote_category":0,"jetpack_post_was_ever_published":false,"_jetpack_newsletter_access":"","_jetpack_dont_email_post_to_subs":false,"_jetpack_newsletter_tier_id":0,"_jetpack_memberships_contains_paywalled_content":false,"_jetpack_memberships_contains_paid_content":false,"footnotes":"","jetpack_publicize_message":"","jetpack_publicize_feature_enabled":true,"jetpack_social_post_already_shared":true,"jetpack_social_options":{"image_generator_settings":{"template":"highway","default_image_id":0,"font":"","enabled":false},"version":2}},"categories":[1,50],"tags":[],"class_list":["post-23013","post","type-post","status-publish","format-standard","has-post-thumbnail","hentry","category-fass_allgemein","category-regionalliga-ost"],"jetpack_publicize_connections":[],"jetpack_featured_media_url":"https:\/\/www.fass-berlin.de\/wp-content\/uploads\/2025\/01\/Schliessung-EHE.jpg","jetpack_sharing_enabled":true,"jetpack_shortlink":"https:\/\/wp.me\/paiOCx-5Zb","jetpack_likes_enabled":true,"jetpack-related-posts":[],"_links":{"self":[{"href":"https:\/\/www.fass-berlin.de\/startseite\/wp-json\/wp\/v2\/posts\/23013","targetHints":{"allow":["GET"]}}],"collection":[{"href":"https:\/\/www.fass-berlin.de\/startseite\/wp-json\/wp\/v2\/posts"}],"about":[{"href":"https:\/\/www.fass-berlin.de\/startseite\/wp-json\/wp\/v2\/types\/post"}],"author":[{"embeddable":true,"href":"https:\/\/www.fass-berlin.de\/startseite\/wp-json\/wp\/v2\/users\/15"}],"replies":[{"embeddable":true,"href":"https:\/\/www.fass-berlin.de\/startseite\/wp-json\/wp\/v2\/comments?post=23013"}],"version-history":[{"count":3,"href":"https:\/\/www.fass-berlin.de\/startseite\/wp-json\/wp\/v2\/posts\/23013\/revisions"}],"predecessor-version":[{"id":23017,"href":"https:\/\/www.fass-berlin.de\/startseite\/wp-json\/wp\/v2\/posts\/23013\/revisions\/23017"}],"wp:featuredmedia":[{"embeddable":true,"href":"https:\/\/www.fass-berlin.de\/startseite\/wp-json\/wp\/v2\/media\/23016"}],"wp:attachment":[{"href":"https:\/\/www.fass-berlin.de\/startseite\/wp-json\/wp\/v2\/media?parent=23013"}],"wp:term":[{"taxonomy":"category","embeddable":true,"href":"https:\/\/www.fass-berlin.de\/startseite\/wp-json\/wp\/v2\/categories?post=23013"},{"taxonomy":"post_tag","embeddable":true,"href":"https:\/\/www.fass-berlin.de\/startseite\/wp-json\/wp\/v2\/tags?post=23013"}],"curies":[{"name":"wp","href":"https:\/\/api.w.org\/{rel}","templated":true}]}}