{"id":23263,"date":"2025-03-18T23:53:00","date_gmt":"2025-03-18T22:53:00","guid":{"rendered":"https:\/\/www.fass-berlin.de\/startseite\/?p=23263"},"modified":"2025-03-19T13:09:03","modified_gmt":"2025-03-19T12:09:03","slug":"fass-zieht-nach-starkem-auftritt-ins-finale-ein","status":"publish","type":"post","link":"https:\/\/www.fass-berlin.de\/startseite\/2025\/03\/18\/fass-zieht-nach-starkem-auftritt-ins-finale-ein\/","title":{"rendered":"FASS zieht nach starkem Auftritt ins Finale ein"},"content":{"rendered":"<p style=\"font-weight: 400;\"><strong>FASS Berlin hat die M\u00f6glichkeit, seinen Titel aus dem Vorjahr zu verteidigen. Nach einem <a href=\"https:\/\/www.fass-berlin.de\/startseite\/event\/fass-berlin-vs-chemnitz-crashers-7\/\">\u00fcberzeugenden 9:2 (2:0, 5:1, 2:1)-Erfolg in Spiel 5<\/a> gegen die Chemnitz Crashers zog das Team am Dienstag vor 380 Zuschauerinnen und Zuschauern ins Finale der Regionalliga Ost ein.<\/strong><\/p>\n<p style=\"font-weight: 400;\">F\u00fcr beide galt: Finaleinzug oder Sommerpause. Und so war ein Spiel zu erwarten, in dem beide intensiv zur Sache gehen w\u00fcrden. Beide Teams traten gut besetzt an, FASS konnte wieder vier Bl\u00f6cke aufbieten, die Crashers 17 Feldspieler. <a href=\"https:\/\/www.fass-berlin.de\/startseite\/player\/hoffmannpatrick\/\">Patrick Hoffmann<\/a> bei FASS und Ondrej Kufa den Crashers begannen im Tor.<\/p>\n<h5>Das Spiel<\/h5>\n<p style=\"font-weight: 400;\">FASS versuchte gleich Druck aufzubauen und es gab auch erste gute Chancen. Chemnitz konterte auch sehr gef\u00e4hrlich. Die 15. Minute brachte den ersten Treffer des Spiels. <a href=\"https:\/\/www.fass-berlin.de\/startseite\/player\/dennis-thielsch\/\">Dennis Thielsch<\/a> kam an der blauen Linie der G\u00e4ste an den Puck und lie\u00df dem Chemnitzer Torh\u00fcter keine Chance. 92 Sekunden vor der Pause war Dennis Thielsch erneut zur Stelle, eine sch\u00f6ne Vorarbeit von Markus Babinsky vollendete er zum 2:0.<\/p>\n<p style=\"font-weight: 400;\">Sechs Sekunden vor der Pause kassierten die Crashers eine Strafe und so ging FASS mit einem Powerplay in den Mittelabschnitt. Das war aber nach 19 Sekunden beendet, denn nach zuvor abgewehrten Sch\u00fcssen konnte <a href=\"https:\/\/www.fass-berlin.de\/startseite\/player\/gregor-kubail\/\">Gregor Kubail<\/a> das 3:0 erzielen. Eine Minute sp\u00e4ter stand es 4:0, <a href=\"https:\/\/www.fass-berlin.de\/startseite\/player\/moritz-miguez\/\">Moritz Miguez<\/a> traf nach einen Konter. Chemnitz versuchte ins Spiel zu kommen, sie konnten ihre Chancen aber weiter nicht nutzen. Anders FASS, Dennis Thielsch bekam sch\u00f6n aufgelegt und h\u00e4mmerte den Puck zu seinem dritten Treffer ins Tor. Eine Minute sp\u00e4ter kamen die G\u00e4ste zu ihrem ersten Torerfolg. Kenneth Hirsch traf nach einem Konter. Die Weddinger waren aber weiter \u00fcberlegen, und in der 35. Minute stocherte <a href=\"https:\/\/www.fass-berlin.de\/startseite\/player\/felix-braun\/\">Felix Braun<\/a> den Puck bei \u00dcberzahl der Berliner zum 6:1 in den Kasten. Nach 40 Minuten stand es 7:1, denn eine Druckphase nutzte Felix Braun 16 Sekunden vor der Pause zum n\u00e4chsten Treffer der Weddinger.<\/p>\n<p style=\"font-weight: 400;\">Felix Braun kam im letzten Drittel auch noch zu seinem dritten Treffer des Spiels, er verwandelte nach 47 Minuten einen Querpass von <a href=\"https:\/\/www.fass-berlin.de\/startseite\/player\/daniel-volynec\/\">Daniel Volynec<\/a> zum 8:1. Nun lie\u00dfen es die Gastgeber ruhiger angehen. In der Schlussphase kam Chemnitz zu besseren Chancen, und drei Minuten vor dem Ende konnte Jean-Luc T\u00f6pker eine davon zum 8:2 nutzen. 34 Sekunden vor dem Ende setzte <a href=\"https:\/\/www.fass-berlin.de\/startseite\/player\/markus-babinsky\/\">Markus Babinsky<\/a> einen abgefangenen Pass kraftvoll zum 9:2-Endstand in die Maschen.<\/p>\n<p style=\"font-weight: 400;\">FASS hat sich in diesem Spiel darauf konzentriert, Eishockey zu spielen, und eine starke Leistung gezeigt. Der Einzug ins Finale ist so verdient. Die Crashers haben den Berlinern \u00fcber f\u00fcnf Spiele einen harten Fight geliefert, was eine echte Werbung f\u00fcr Eishockey in der Regionalliga Ost war.<\/p>\n<h5>Der Ausblick<\/h5>\n<figure id=\"attachment_23262\" aria-describedby=\"caption-attachment-23262\" style=\"width: 653px\" class=\"wp-caption alignright\"><img loading=\"lazy\" decoding=\"async\" class=\"wp-image-23262 size-large\" src=\"https:\/\/www.fass-berlin.de\/wp-content\/uploads\/2025\/03\/Jenne-ruft-zum-FInale-1024x681.jpg\" alt=\"\" width=\"653\" height=\"434\" srcset=\"https:\/\/www.fass-berlin.de\/wp-content\/uploads\/2025\/03\/Jenne-ruft-zum-FInale-1024x681.jpg 1024w, https:\/\/www.fass-berlin.de\/wp-content\/uploads\/2025\/03\/Jenne-ruft-zum-FInale-300x200.jpg 300w, https:\/\/www.fass-berlin.de\/wp-content\/uploads\/2025\/03\/Jenne-ruft-zum-FInale-768x511.jpg 768w, https:\/\/www.fass-berlin.de\/wp-content\/uploads\/2025\/03\/Jenne-ruft-zum-FInale-1536x1021.jpg 1536w, https:\/\/www.fass-berlin.de\/wp-content\/uploads\/2025\/03\/Jenne-ruft-zum-FInale-128x85.jpg 128w, https:\/\/www.fass-berlin.de\/wp-content\/uploads\/2025\/03\/Jenne-ruft-zum-FInale-32x21.jpg 32w, https:\/\/www.fass-berlin.de\/wp-content\/uploads\/2025\/03\/Jenne-ruft-zum-FInale-272x182.jpg 272w, https:\/\/www.fass-berlin.de\/wp-content\/uploads\/2025\/03\/Jenne-ruft-zum-FInale.jpg 1600w\" sizes=\"auto, (max-width: 653px) 100vw, 653px\" \/><figcaption id=\"caption-attachment-23262\" class=\"wp-caption-text\">Nico Jentzsch heizte den Fans nach dem Finaleinzug nochmal ordentlich ein.<\/figcaption><\/figure>\n<p style=\"font-weight: 400;\">Damit spielt FASS wieder um den Titel. <strong>Los geht es bereits am Freitag (21.03.25) um 19:00 Uhr in der Eissporthalle Charlottenburg.<\/strong> Gegner werden die Sch\u00f6nheider W\u00f6lfe sein, die sich ebenfalls in f\u00fcnf Spielen gegen die Luchse Lauterbach durchsetzten. Damit treffen letztlich doch die beiden Teams im Finale aufeinander, welche bereits die Hauptrunde sportlich dominiert hatten.<\/p>\n<h5>Die Statistik<\/h5>\n<p><span style=\"font-weight: 400;\"><strong>FASS<\/strong>: Hoffmann (Steffen) &#8211; Miethke, Kruggel; Babinsky, Falk; Wild, Polok; Prei\u00df, Levin &#8211; Noack, Kubail, Licitis; Thielsch, Fiedler, Jentzsch; Volynec, Kubail, Braun; Weihrauch, Herzog, Flemming.<br \/>\n<strong>Tore<\/strong>:<br \/>\n<\/span>1:0 (14:04) <strong>Thielsch<\/strong> (Fiedler), 2:0 (18:28) <strong>Thielsch<\/strong> (Babinsky, Fiedler);<br \/>\n3:0 (20:19) <strong>Kubail<\/strong> (Volynec, Wild) PP1, 4:0 (21:14) <strong>Miguez<\/strong> (Thielsch), 5:0 (26:43) <strong>Thielsch<\/strong> (Fiedler, Jentzsch), 5:1 (27:38) Hirsch, 6:1 (34:50) <strong>Braun<\/strong> (Fiedler, Wild) PP1, 7:1 (39:44) <strong>Braun<\/strong> (Wild);<br \/>\n8:1 (46:21) <strong>Braun<\/strong> (Volynec, Kubail), 8:2 (56:23) T\u00f6pker, 9:2 (59:26) <strong>Babinsky<\/strong>.<br \/>\n<span style=\"font-weight: 400;\"><strong>Schiedsrichter<\/strong>: M\u00f6ller, Hecker &#8211; Niedermeyer, Kr\u00fcger.<br \/>\n<strong>Strafen<\/strong>: FASS 6 (0\/2\/4), Crashers 8 + 10 Zizka (unsportliches Verhalten) (2\/2\/14).<br \/>\n<strong>Zuschauer<\/strong>: 380<br \/>\n<strong>Sch\u00fcsse<\/strong>: 39-29.<br \/>\n<strong>Face-off<\/strong>: 42-21.<br \/>\n<\/span><\/p>\n<p>Fotos: Philipp Knop<\/p>\n","protected":false},"excerpt":{"rendered":"<p>FASS Berlin hat die M\u00f6glichkeit, seinen Titel aus dem Vorjahr zu verteidigen. Nach einem \u00fcberzeugenden 9:2 (2:0, 5:1, 2:1)-Erfolg in Spiel 5 gegen die Chemnitz Crashers zog das Team am Dienstag vor 380 Zuschauerinnen und Zuschauern ins Finale der Regionalliga Ost ein. F\u00fcr beide galt: Finaleinzug oder Sommerpause. Und so war ein Spiel zu erwarten, [&hellip;]<\/p>\n","protected":false},"author":9,"featured_media":23261,"comment_status":"open","ping_status":"open","sticky":false,"template":"","format":"standard","meta":{"_exactmetrics_skip_tracking":false,"_exactmetrics_sitenote_active":false,"_exactmetrics_sitenote_note":"","_exactmetrics_sitenote_category":0,"jetpack_post_was_ever_published":false,"_jetpack_newsletter_access":"","_jetpack_dont_email_post_to_subs":false,"_jetpack_newsletter_tier_id":0,"_jetpack_memberships_contains_paywalled_content":false,"_jetpack_memberships_contains_paid_content":false,"footnotes":"","jetpack_publicize_message":"","jetpack_publicize_feature_enabled":true,"jetpack_social_post_already_shared":true,"jetpack_social_options":{"image_generator_settings":{"template":"highway","default_image_id":0,"font":"","enabled":false},"version":2}},"categories":[50],"tags":[],"class_list":["post-23263","post","type-post","status-publish","format-standard","has-post-thumbnail","hentry","category-regionalliga-ost"],"jetpack_publicize_connections":[],"jetpack_featured_media_url":"https:\/\/www.fass-berlin.de\/wp-content\/uploads\/2025\/03\/Spiel-5-Chemnitz-scaled.jpg","jetpack_sharing_enabled":true,"jetpack_shortlink":"https:\/\/wp.me\/paiOCx-63d","jetpack_likes_enabled":true,"jetpack-related-posts":[],"_links":{"self":[{"href":"https:\/\/www.fass-berlin.de\/startseite\/wp-json\/wp\/v2\/posts\/23263","targetHints":{"allow":["GET"]}}],"collection":[{"href":"https:\/\/www.fass-berlin.de\/startseite\/wp-json\/wp\/v2\/posts"}],"about":[{"href":"https:\/\/www.fass-berlin.de\/startseite\/wp-json\/wp\/v2\/types\/post"}],"author":[{"embeddable":true,"href":"https:\/\/www.fass-berlin.de\/startseite\/wp-json\/wp\/v2\/users\/9"}],"replies":[{"embeddable":true,"href":"https:\/\/www.fass-berlin.de\/startseite\/wp-json\/wp\/v2\/comments?post=23263"}],"version-history":[{"count":5,"href":"https:\/\/www.fass-berlin.de\/startseite\/wp-json\/wp\/v2\/posts\/23263\/revisions"}],"predecessor-version":[{"id":23279,"href":"https:\/\/www.fass-berlin.de\/startseite\/wp-json\/wp\/v2\/posts\/23263\/revisions\/23279"}],"wp:featuredmedia":[{"embeddable":true,"href":"https:\/\/www.fass-berlin.de\/startseite\/wp-json\/wp\/v2\/media\/23261"}],"wp:attachment":[{"href":"https:\/\/www.fass-berlin.de\/startseite\/wp-json\/wp\/v2\/media?parent=23263"}],"wp:term":[{"taxonomy":"category","embeddable":true,"href":"https:\/\/www.fass-berlin.de\/startseite\/wp-json\/wp\/v2\/categories?post=23263"},{"taxonomy":"post_tag","embeddable":true,"href":"https:\/\/www.fass-berlin.de\/startseite\/wp-json\/wp\/v2\/tags?post=23263"}],"curies":[{"name":"wp","href":"https:\/\/api.w.org\/{rel}","templated":true}]}}