{"id":23316,"date":"2025-03-25T23:22:07","date_gmt":"2025-03-25T22:22:07","guid":{"rendered":"https:\/\/www.fass-berlin.de\/startseite\/?p=23316"},"modified":"2025-03-25T23:22:07","modified_gmt":"2025-03-25T22:22:07","slug":"landesliga-finalwochenende-terminiert","status":"publish","type":"post","link":"https:\/\/www.fass-berlin.de\/startseite\/2025\/03\/25\/landesliga-finalwochenende-terminiert\/","title":{"rendered":"Landesliga-Finalwochenende terminiert"},"content":{"rendered":"<p><strong>Am \u00fcbern\u00e4chsten Wochenende kommt es auch in der Landesliga Berlin zum Showdown, wenn am Samstag (05.04.25) und Sonntag (06.04.25) das Finalwochenende in der Eissporthalle Charlottenburg auf dem Programm steht. Dabei kommt es am Samstag um 19:00 Uhr zur Neuauflage des letztj\u00e4hrigen Finales: Titelverteidiger FASS 1b trifft auf die FASS 1c Allstars.<\/strong><\/p>\n<p>Bereits vorher (16:00 Uhr) trifft der verlustpunktfreie Hauptrundenerste Berlin Blues auf den Regionalligaabsteiger SCC Adler, der als Vierter ins Zwischenziel kam. Am Sonntag geht es weiter mit Spiel um Platz drei (12:00 Uhr) und Finale (15:15 Uhr).<\/p>\n<p>Das letzte Spiel der Hauptrunde gewannen die Berlin Blues mit 6:4 gegen die FASS Allstars um Coach Vladimirs Polkovnikovs (Foto). Dabei gelang es den Allstars nicht, eine 0:3-F\u00fchrung zu verteidigen. F\u00fcr die <a href=\"https:\/\/www.fass-berlin.de\/startseite\/startseite\/landesliga\/ergebnisse-und-statistiken\/\">Abschlusstabelle<\/a> hatte das Ergebnis freilich keine Auswirkungen mehr.<\/p>\n<p>Die Landesliga litt besonders unter der \u00e4u\u00dferst schwierigen Lage der Berliner Eisstadien, insbesondere der Nicht-Verf\u00fcgbarkeit des Erika-He\u00df-Eisstadions. Immerhin war eine vollst\u00e4ndige Einfachrunde m\u00f6glich, in der die elf Teams je einmal aufeinander trafen.<\/p>\n<p>F\u00fcr FASS Berlin k\u00f6nnte sich trotz der schwierigen Rahmenbedingungen der Triumph der Vorsaison 2023\/24 wiederholen, als die Erste Mannschaft Meister der Regionalliga Ost wurde, FASS 1b den Landesliga-Titel holte und die Frauen die Meisterschaft in der 1. Frauenliga Nordost feierten. Die Frauen haben die <a href=\"https:\/\/www.fass-berlin.de\/startseite\/2025\/03\/22\/fass-frauen-verteidigen-titel\/\">Titelverteidigung bereits in der Tasche<\/a>, die <a href=\"https:\/\/www.fass-berlin.de\/startseite\/2025\/03\/23\/fass-schlaegt-eindrucksvoll-zurueck\/\">Erste Mannschaft ringt mit den Sch\u00f6nheider W\u00f6lfen um den Titel<\/a>, und in der Landesliga steht zumindest fest, dass ein Team des Weddinger Vereins im Finale stehen wird.<\/p>\n<p>Foto: Riitta Schulze<\/p>\n","protected":false},"excerpt":{"rendered":"<p>Am \u00fcbern\u00e4chsten Wochenende kommt es auch in der Landesliga Berlin zum Showdown, wenn am Samstag (05.04.25) und Sonntag (06.04.25) das Finalwochenende in der Eissporthalle Charlottenburg auf dem Programm steht. Dabei kommt es am Samstag um 19:00 Uhr zur Neuauflage des letztj\u00e4hrigen Finales: Titelverteidiger FASS 1b trifft auf die FASS 1c Allstars. Bereits vorher (16:00 Uhr) [&hellip;]<\/p>\n","protected":false},"author":15,"featured_media":23317,"comment_status":"open","ping_status":"open","sticky":false,"template":"","format":"standard","meta":{"_exactmetrics_skip_tracking":false,"_exactmetrics_sitenote_active":false,"_exactmetrics_sitenote_note":"","_exactmetrics_sitenote_category":0,"jetpack_post_was_ever_published":false,"_jetpack_newsletter_access":"","_jetpack_dont_email_post_to_subs":false,"_jetpack_newsletter_tier_id":0,"_jetpack_memberships_contains_paywalled_content":false,"_jetpack_memberships_contains_paid_content":false,"footnotes":"","jetpack_publicize_message":"","jetpack_publicize_feature_enabled":true,"jetpack_social_post_already_shared":true,"jetpack_social_options":{"image_generator_settings":{"template":"highway","default_image_id":0,"font":"","enabled":false},"version":2}},"categories":[809],"tags":[],"class_list":["post-23316","post","type-post","status-publish","format-standard","has-post-thumbnail","hentry","category-landesliga-2"],"jetpack_publicize_connections":[],"jetpack_featured_media_url":"https:\/\/www.fass-berlin.de\/wp-content\/uploads\/2025\/03\/Vladi-vor-HF-e1742940286709.jpg","jetpack_sharing_enabled":true,"jetpack_shortlink":"https:\/\/wp.me\/paiOCx-644","jetpack_likes_enabled":true,"jetpack-related-posts":[],"_links":{"self":[{"href":"https:\/\/www.fass-berlin.de\/startseite\/wp-json\/wp\/v2\/posts\/23316","targetHints":{"allow":["GET"]}}],"collection":[{"href":"https:\/\/www.fass-berlin.de\/startseite\/wp-json\/wp\/v2\/posts"}],"about":[{"href":"https:\/\/www.fass-berlin.de\/startseite\/wp-json\/wp\/v2\/types\/post"}],"author":[{"embeddable":true,"href":"https:\/\/www.fass-berlin.de\/startseite\/wp-json\/wp\/v2\/users\/15"}],"replies":[{"embeddable":true,"href":"https:\/\/www.fass-berlin.de\/startseite\/wp-json\/wp\/v2\/comments?post=23316"}],"version-history":[{"count":2,"href":"https:\/\/www.fass-berlin.de\/startseite\/wp-json\/wp\/v2\/posts\/23316\/revisions"}],"predecessor-version":[{"id":23319,"href":"https:\/\/www.fass-berlin.de\/startseite\/wp-json\/wp\/v2\/posts\/23316\/revisions\/23319"}],"wp:featuredmedia":[{"embeddable":true,"href":"https:\/\/www.fass-berlin.de\/startseite\/wp-json\/wp\/v2\/media\/23317"}],"wp:attachment":[{"href":"https:\/\/www.fass-berlin.de\/startseite\/wp-json\/wp\/v2\/media?parent=23316"}],"wp:term":[{"taxonomy":"category","embeddable":true,"href":"https:\/\/www.fass-berlin.de\/startseite\/wp-json\/wp\/v2\/categories?post=23316"},{"taxonomy":"post_tag","embeddable":true,"href":"https:\/\/www.fass-berlin.de\/startseite\/wp-json\/wp\/v2\/tags?post=23316"}],"curies":[{"name":"wp","href":"https:\/\/api.w.org\/{rel}","templated":true}]}}