{"id":23344,"date":"2025-04-02T01:30:36","date_gmt":"2025-04-01T23:30:36","guid":{"rendered":"https:\/\/www.fass-berlin.de\/startseite\/?p=23344"},"modified":"2025-04-02T01:32:49","modified_gmt":"2025-04-01T23:32:49","slug":"back-to-back-champions","status":"publish","type":"post","link":"https:\/\/www.fass-berlin.de\/startseite\/2025\/04\/02\/back-to-back-champions\/","title":{"rendered":"Back-to-back Champions"},"content":{"rendered":"<p style=\"font-weight: 400;\"><strong>Es war ein hochklassiges Spiel 5 der Finalserie, und es gab am Ende einen w\u00fcrdigen Sieger. <a href=\"https:\/\/www.fass-berlin.de\/startseite\/event\/fass-berlin-vs-schoenheider-woelfe-5\/\">FASS Berlin gewann das entscheidende Spiel nach Penaltyschie\u00dfen mit 3:2 (0:1, 1:0, 1:1, 0:0, 1:0)<\/a> und ist damit wieder Meister der Regionalliga Ost.\u00a0 <\/strong><\/p>\n<p>Es war das letzte Spiel um die Meisterschaft, es ging also f\u00fcr beide um alles. FASS trat mit voller Kapelle an, im Tor startete wieder Eric Steffen. Sch\u00f6nheide hatte einen Feldspieler weniger dabei und Niko Stark begann im Tor.<\/p>\n<h5 style=\"font-weight: 400;\"><strong>Das Spiel<\/strong><\/h5>\n<p style=\"font-weight: 400;\">Es ging gleich richtig los, in den ersten 30 Sekunden hatten die W\u00f6lfe drei Torchancen. Die 3. Minute brachte den Weddingern die ersten guten Chancen. In einem hochklassigem Drittel folgten zahlreiche gute Chancen auf beiden Seiten. Nach 12 Minuten fiel der erste Treffer des Spiels, Richard Zerbst brachte die W\u00f6lfe nach einem Konter in F\u00fchrung. Der Treffer zeigte Wirkung, FASS brauchte ein wenig, um wieder ins Spiel zu finden. Bis zur Pause gelang das nicht, und so ging es mit dem 0:1 in die Kabine.<\/p>\n<figure id=\"attachment_23345\" aria-describedby=\"caption-attachment-23345\" style=\"width: 653px\" class=\"wp-caption alignleft\"><img loading=\"lazy\" decoding=\"async\" class=\"wp-image-23345 size-large\" src=\"https:\/\/www.fass-berlin.de\/wp-content\/uploads\/2025\/04\/Torjubel-nach-1-1-1024x682.jpg\" alt=\"\" width=\"653\" height=\"435\" srcset=\"https:\/\/www.fass-berlin.de\/wp-content\/uploads\/2025\/04\/Torjubel-nach-1-1-1024x682.jpg 1024w, https:\/\/www.fass-berlin.de\/wp-content\/uploads\/2025\/04\/Torjubel-nach-1-1-300x200.jpg 300w, https:\/\/www.fass-berlin.de\/wp-content\/uploads\/2025\/04\/Torjubel-nach-1-1-768x512.jpg 768w, https:\/\/www.fass-berlin.de\/wp-content\/uploads\/2025\/04\/Torjubel-nach-1-1-1536x1023.jpg 1536w, https:\/\/www.fass-berlin.de\/wp-content\/uploads\/2025\/04\/Torjubel-nach-1-1-128x85.jpg 128w, https:\/\/www.fass-berlin.de\/wp-content\/uploads\/2025\/04\/Torjubel-nach-1-1-32x21.jpg 32w, https:\/\/www.fass-berlin.de\/wp-content\/uploads\/2025\/04\/Torjubel-nach-1-1-272x182.jpg 272w, https:\/\/www.fass-berlin.de\/wp-content\/uploads\/2025\/04\/Torjubel-nach-1-1.jpg 1600w\" sizes=\"auto, (max-width: 653px) 100vw, 653px\" \/><figcaption id=\"caption-attachment-23345\" class=\"wp-caption-text\">Torjubel nach dem 1:1-Ausgleich durch Ludwig Wild.<\/figcaption><\/figure>\n<p style=\"font-weight: 400;\">FASS versuchte im zweiten Drittel Druck aufzubauen, Sch\u00f6nheide konterte. Viele Chancen gab es dabei aber nicht. Das Spiel lebte inzwischen mehr von der Spannung, bis es in der 35. Minute laut wurde in der Eissporthalle Charlottenburg. <a href=\"https:\/\/www.fass-berlin.de\/startseite\/player\/daniel-volynec\/\">Daniel Volynec<\/a> setzte nach und seine Vorlage nutzte <a href=\"https:\/\/www.fass-berlin.de\/startseite\/player\/ludwig-wild\/\">Ludwig Wild<\/a>, um den Puck zum 1:1 unter die Latte zu schie\u00dfen. Da es auch in diesem Abschnitt nur einen Treffer gab, war f\u00fcr das letzte Drittel noch einiges zu erwarten.<\/p>\n<p>Der n\u00e4chste Treffer k\u00f6nnte schon die Entscheidung bringen. Dennoch griffen beide Teams munter an, zun\u00e4chst mit leichten Vorteilen der Gastgeber. Eine Strafe gegen Sch\u00f6nheides Torh\u00fcter verhalf FASS zur F\u00fchrung. Eine sch\u00f6ne Kombination \u00fcber <a href=\"https:\/\/www.fass-berlin.de\/startseite\/player\/markus-babinsky\/\">Markus Babinsky<\/a> und <a href=\"https:\/\/www.fass-berlin.de\/startseite\/player\/luis-noack\/\">Luis Noack<\/a> schloss <a href=\"https:\/\/www.fass-berlin.de\/startseite\/player\/roberts-licitis\/\">Roberts Licitis<\/a> in der 47. Minute zum 2:1 ab. Doch auch die W\u00f6lfe k\u00f6nnen Powerplay und das brachte ihnen eine Minute sp\u00e4ter den Ausgleich. 14 Sekunden spielten die W\u00f6lfe mit einem Mann mehr, dann traf Ricco Warkus zum 2:2. Beide schenkten sich weiter nichts, und so gab es viele gef\u00e4hrliche Situationen. Weitere Tore fielen nicht, und so bekamen die 619 Zuschauerinnen und Zuschauer noch eine Zugabe.<\/p>\n<p>Diese war auf zehn Minuten angesetzt, der n\u00e4chste Treffer w\u00fcrde das Spiel entschieden. Auch hier gingen beide ein hohes Tempo und es gab einige Torchancen. Da auch hier keine Entscheidung fiel, wurde der Meister im Penaltyschie\u00dfen ermittelt.<\/p>\n<p>Der erste Sch\u00fctze des Penaltyschie\u00dfens war der Einzige, der seinen Penalty verwandeln konnte. <a href=\"https:\/\/www.fass-berlin.de\/startseite\/player\/tom-fiedler\/\">Tom Fiedler<\/a> traf, w\u00e4hrend der \u00fcberragende <a href=\"https:\/\/www.fass-berlin.de\/startseite\/player\/eric-steffen\/\">Eric Steffen<\/a> die Versuche von Berlin, Seidel und Rubes vereitelte. Damit verteidigt FASS erfolgreich den Titel.<\/p>\n<p>Danach war der Jubel gro\u00df, als Ligenleiter Tobias Rentzsch den FASS-Kapit\u00e4nen Tom Fiedler, <a href=\"https:\/\/www.fass-berlin.de\/startseite\/player\/felix-braun\/\">Felix Braun<\/a>, <a href=\"https:\/\/www.fass-berlin.de\/startseite\/player\/nico-jentzsch\/\">Nico Jentzsch<\/a> und <a href=\"https:\/\/www.fass-berlin.de\/startseite\/player\/marvin-miethke\/\">Marvin Miethke<\/a> den Meisterpokal \u00fcberreichte. Eine ausgiebige Feier schloss sich an.<\/p>\n<h5 style=\"font-weight: 400;\"><strong>Der Ausblick<\/strong><\/h5>\n<p style=\"font-weight: 400;\">Es war eine hochklassige Serie, beide Teams haben Werbung f\u00fcr die Liga und das Eishockey gemacht. Sch\u00f6nheide h\u00e4tte den Sieg mindestens so sehr verdient gehabt wie die Berliner, aber gerade im Shoot-out spielt auch das Gl\u00fcck eine Rolle.<\/p>\n<p style=\"font-weight: 400;\">FASS wird sich noch mit einer Feier bei den Fans verabschieden, alle Infos dazu folgen noch.<\/p>\n<h5 style=\"font-weight: 400;\"><strong>Die Statistik<\/strong><\/h5>\n<p><strong>FASS<\/strong>: Steffen (Hoffmann) &#8211; Miethke, Falk; Kruggel, H\u00fcfner; Wild, Polok; Prei\u00df, Lendzian &#8211; Thielsch, Fiedler, Babinsky; Noack, Miguez, Licitis; Volynec, Kubail, Braun; Weihrauch, Levin, Flemming.<br \/>\n<span style=\"font-weight: 400;\"><strong>Tore<\/strong>:<br \/>\n0:1 (11:26) Zerbst;<br \/>\n1:1 (34:28) <strong>Wild<\/strong> (Volynec);<br \/>\n2:1 (46:19) <strong>Licitis<\/strong> (Noack, Babinsky) PP1, 2:2 (47:36) Warkus PP1;<br \/>\n3:2 (70:00) <strong>Fiedler<\/strong> SOW.<br \/>\n<\/span><span style=\"font-weight: 400;\"><strong>Schiedsrichter<\/strong>: Hecker, M\u00f6ller &#8211; Kr\u00fcger, Niedermeyer.<br \/>\n<strong>Strafen<\/strong>: FASS 10 (0\/6\/4\/0), Sch\u00f6nheide 6 (2\/2\/2\/0).<br \/>\n<strong>Zuschauer<\/strong>: 619.<br \/>\n<strong>Sch\u00fcsse<\/strong>: 22-40.<br \/>\n<strong>Face-off<\/strong>: 29-22.<\/span><\/p>\n<p>Fotos: Philipp Knop<\/p>\n","protected":false},"excerpt":{"rendered":"<p>Es war ein hochklassiges Spiel 5 der Finalserie, und es gab am Ende einen w\u00fcrdigen Sieger. FASS Berlin gewann das entscheidende Spiel nach Penaltyschie\u00dfen mit 3:2 (0:1, 1:0, 1:1, 0:0, 1:0) und ist damit wieder Meister der Regionalliga Ost.\u00a0 Es war das letzte Spiel um die Meisterschaft, es ging also f\u00fcr beide um alles. FASS [&hellip;]<\/p>\n","protected":false},"author":9,"featured_media":23347,"comment_status":"open","ping_status":"open","sticky":false,"template":"","format":"standard","meta":{"_exactmetrics_skip_tracking":false,"_exactmetrics_sitenote_active":false,"_exactmetrics_sitenote_note":"","_exactmetrics_sitenote_category":0,"jetpack_post_was_ever_published":false,"_jetpack_newsletter_access":"","_jetpack_dont_email_post_to_subs":false,"_jetpack_newsletter_tier_id":0,"_jetpack_memberships_contains_paywalled_content":false,"_jetpack_memberships_contains_paid_content":false,"footnotes":"","jetpack_publicize_message":"","jetpack_publicize_feature_enabled":true,"jetpack_social_post_already_shared":true,"jetpack_social_options":{"image_generator_settings":{"template":"highway","default_image_id":0,"font":"","enabled":false},"version":2}},"categories":[50],"tags":[],"class_list":["post-23344","post","type-post","status-publish","format-standard","has-post-thumbnail","hentry","category-regionalliga-ost"],"jetpack_publicize_connections":[],"jetpack_featured_media_url":"https:\/\/www.fass-berlin.de\/wp-content\/uploads\/2025\/04\/Youngster-scaled.jpg","jetpack_sharing_enabled":true,"jetpack_shortlink":"https:\/\/wp.me\/paiOCx-64w","jetpack_likes_enabled":true,"jetpack-related-posts":[],"_links":{"self":[{"href":"https:\/\/www.fass-berlin.de\/startseite\/wp-json\/wp\/v2\/posts\/23344","targetHints":{"allow":["GET"]}}],"collection":[{"href":"https:\/\/www.fass-berlin.de\/startseite\/wp-json\/wp\/v2\/posts"}],"about":[{"href":"https:\/\/www.fass-berlin.de\/startseite\/wp-json\/wp\/v2\/types\/post"}],"author":[{"embeddable":true,"href":"https:\/\/www.fass-berlin.de\/startseite\/wp-json\/wp\/v2\/users\/9"}],"replies":[{"embeddable":true,"href":"https:\/\/www.fass-berlin.de\/startseite\/wp-json\/wp\/v2\/comments?post=23344"}],"version-history":[{"count":3,"href":"https:\/\/www.fass-berlin.de\/startseite\/wp-json\/wp\/v2\/posts\/23344\/revisions"}],"predecessor-version":[{"id":23351,"href":"https:\/\/www.fass-berlin.de\/startseite\/wp-json\/wp\/v2\/posts\/23344\/revisions\/23351"}],"wp:featuredmedia":[{"embeddable":true,"href":"https:\/\/www.fass-berlin.de\/startseite\/wp-json\/wp\/v2\/media\/23347"}],"wp:attachment":[{"href":"https:\/\/www.fass-berlin.de\/startseite\/wp-json\/wp\/v2\/media?parent=23344"}],"wp:term":[{"taxonomy":"category","embeddable":true,"href":"https:\/\/www.fass-berlin.de\/startseite\/wp-json\/wp\/v2\/categories?post=23344"},{"taxonomy":"post_tag","embeddable":true,"href":"https:\/\/www.fass-berlin.de\/startseite\/wp-json\/wp\/v2\/tags?post=23344"}],"curies":[{"name":"wp","href":"https:\/\/api.w.org\/{rel}","templated":true}]}}