{"id":23415,"date":"2025-06-20T12:30:54","date_gmt":"2025-06-20T10:30:54","guid":{"rendered":"https:\/\/www.fass-berlin.de\/startseite\/?p=23415"},"modified":"2025-06-20T12:30:54","modified_gmt":"2025-06-20T10:30:54","slug":"breite-die-gewinnt-weihrauch-levin-bleiben-an-bord","status":"publish","type":"post","link":"https:\/\/www.fass-berlin.de\/startseite\/2025\/06\/20\/breite-die-gewinnt-weihrauch-levin-bleiben-an-bord\/","title":{"rendered":"Breite, die gewinnt: Weihrauch &#038; Levin bleiben an Bord"},"content":{"rendered":"<h3 data-pm-slice=\"1 1 []\">Pr\u00e4sentiert von ABG Klaus Gillessen<\/h3>\n<p><em>Ihr Partner f\u00fcr Arbeitssicherheit und Brandschutz \u2013 seit 2024 an\u00a0<\/em><i>unserer Seite!<\/i><\/p>\n<div>\n<hr \/>\n<\/div>\n<h3>NIKLAS WEIHRAUCH \u2013 Zu 100\u202f% dabei<\/h3>\n<ul data-spread=\"false\">\n<li><strong>Position:<\/strong> Angriff<\/li>\n<li><strong>Vertrag:<\/strong>\u00a0Laufzeit <strong>bis 2027<\/strong> (zwei\u202fJahre)<\/li>\n<li><strong>Besonderheit:<\/strong> <em>100\u202f% Trainingsbeteiligung<\/em> in der Vorsaison<\/li>\n<\/ul>\n<p>Verl\u00e4sslichkeit hat einen Namen: <a href=\"https:\/\/www.fass-berlin.de\/startseite\/player\/niklas-weihrauch\/\">Niklas Weihrauch<\/a> verpasste in der gesamten letzten Spielzeit keine einzige Trainingseinheit. Seine Attitude \u2013 hart arbeiten, sich in jede Reihe nahtlos einf\u00fcgen und jederzeit bereit sein \u2013 macht ihn zum perfekten <strong>\u201eDepth Player\u201c<\/strong>. Mit seinem neuen Zweijahresvertrag bleibt das Energieb\u00fcndel fester Bestandteil unseres Angriffsblocks.<\/p>\n<div>\n<hr \/>\n<\/div>\n<h3>DAVID LEVIN \u2013 Der Organisator in der Defense<\/h3>\n<ul data-spread=\"false\">\n<li><strong>Position:<\/strong> Verteidigung<\/li>\n<li><strong>Vertrag:<\/strong> Verl\u00e4ngert um <strong>ein Jahr<\/strong> (bis 2026)<\/li>\n<li><strong>Besonderheit:<\/strong> Hauptorganisator unserer Meisterfeier 2025<\/li>\n<\/ul>\n<p>Auf dem Eis r\u00e4umt <a href=\"https:\/\/www.fass-berlin.de\/startseite\/player\/david-levin\/\">David Levin<\/a> kompromisslos vor dem eigenen Tor auf, daneben sorgt er f\u00fcr Teamspirit. Als federf\u00fchrender Kopf hinter der grandiosen Meisterfeier zeigte David, dass er Verantwortung nicht nur in der Defensive \u00fcbernimmt. Sein neuer Einjahresvertrag stellt sicher, dass wir weiter auf seine Pr\u00e4senz \u2013 physisch wie organisatorisch \u2013 bauen k\u00f6nnen.<\/p>\n<div>\n<hr \/>\n<\/div>\n<h2>Warum Depth z\u00e4hlt<\/h2>\n<p>Tiefe entscheidet Meisterschaften. Mit Weihrauch und Levin sichern wir uns zwei Akteure, die in jeder Situation bereit sind und f\u00fcr die das Team stets an vorderster Stelle steht. Danke an <strong>ABG Klaus Gillessen<\/strong> f\u00fcr die Pr\u00e4sentation dieses Duos \u2013 und nat\u00fcrlich an Niklas sowie David f\u00fcr Loyalit\u00e4t und Leidenschaft.<\/p>\n<p>Bleibt dran: Bald folgen weitere Puzzleteile unseres Kaders 2025\/26!<\/p>\n","protected":false},"excerpt":{"rendered":"<p>Pr\u00e4sentiert von ABG Klaus Gillessen Ihr Partner f\u00fcr Arbeitssicherheit und Brandschutz \u2013 seit 2024 an\u00a0unserer Seite! NIKLAS WEIHRAUCH \u2013 Zu 100\u202f% dabei Position: Angriff Vertrag:\u00a0Laufzeit bis 2027 (zwei\u202fJahre) Besonderheit: 100\u202f% Trainingsbeteiligung in der Vorsaison Verl\u00e4sslichkeit hat einen Namen: Niklas Weihrauch verpasste in der gesamten letzten Spielzeit keine einzige Trainingseinheit. Seine Attitude \u2013 hart arbeiten, sich [&hellip;]<\/p>\n","protected":false},"author":15,"featured_media":23416,"comment_status":"open","ping_status":"open","sticky":false,"template":"","format":"standard","meta":{"_exactmetrics_skip_tracking":false,"_exactmetrics_sitenote_active":false,"_exactmetrics_sitenote_note":"","_exactmetrics_sitenote_category":0,"jetpack_post_was_ever_published":false,"_jetpack_newsletter_access":"","_jetpack_dont_email_post_to_subs":false,"_jetpack_newsletter_tier_id":0,"_jetpack_memberships_contains_paywalled_content":false,"_jetpack_memberships_contains_paid_content":false,"footnotes":"","jetpack_publicize_message":"","jetpack_publicize_feature_enabled":true,"jetpack_social_post_already_shared":true,"jetpack_social_options":{"image_generator_settings":{"template":"highway","default_image_id":0,"font":"","enabled":false},"version":2}},"categories":[50],"tags":[],"class_list":["post-23415","post","type-post","status-publish","format-standard","has-post-thumbnail","hentry","category-regionalliga-ost"],"jetpack_publicize_connections":[],"jetpack_featured_media_url":"https:\/\/www.fass-berlin.de\/wp-content\/uploads\/2025\/06\/1000136133.png","jetpack_sharing_enabled":true,"jetpack_shortlink":"https:\/\/wp.me\/paiOCx-65F","jetpack_likes_enabled":true,"jetpack-related-posts":[],"_links":{"self":[{"href":"https:\/\/www.fass-berlin.de\/startseite\/wp-json\/wp\/v2\/posts\/23415","targetHints":{"allow":["GET"]}}],"collection":[{"href":"https:\/\/www.fass-berlin.de\/startseite\/wp-json\/wp\/v2\/posts"}],"about":[{"href":"https:\/\/www.fass-berlin.de\/startseite\/wp-json\/wp\/v2\/types\/post"}],"author":[{"embeddable":true,"href":"https:\/\/www.fass-berlin.de\/startseite\/wp-json\/wp\/v2\/users\/15"}],"replies":[{"embeddable":true,"href":"https:\/\/www.fass-berlin.de\/startseite\/wp-json\/wp\/v2\/comments?post=23415"}],"version-history":[{"count":1,"href":"https:\/\/www.fass-berlin.de\/startseite\/wp-json\/wp\/v2\/posts\/23415\/revisions"}],"predecessor-version":[{"id":23417,"href":"https:\/\/www.fass-berlin.de\/startseite\/wp-json\/wp\/v2\/posts\/23415\/revisions\/23417"}],"wp:featuredmedia":[{"embeddable":true,"href":"https:\/\/www.fass-berlin.de\/startseite\/wp-json\/wp\/v2\/media\/23416"}],"wp:attachment":[{"href":"https:\/\/www.fass-berlin.de\/startseite\/wp-json\/wp\/v2\/media?parent=23415"}],"wp:term":[{"taxonomy":"category","embeddable":true,"href":"https:\/\/www.fass-berlin.de\/startseite\/wp-json\/wp\/v2\/categories?post=23415"},{"taxonomy":"post_tag","embeddable":true,"href":"https:\/\/www.fass-berlin.de\/startseite\/wp-json\/wp\/v2\/tags?post=23415"}],"curies":[{"name":"wp","href":"https:\/\/api.w.org\/{rel}","templated":true}]}}