{"id":23418,"date":"2025-06-25T13:58:13","date_gmt":"2025-06-25T11:58:13","guid":{"rendered":"https:\/\/www.fass-berlin.de\/startseite\/?p=23418"},"modified":"2025-06-25T13:58:13","modified_gmt":"2025-06-25T11:58:13","slug":"torgarant-volynec-verlaengert-osweno-pokal-termine-stehen","status":"publish","type":"post","link":"https:\/\/www.fass-berlin.de\/startseite\/2025\/06\/25\/torgarant-volynec-verlaengert-osweno-pokal-termine-stehen\/","title":{"rendered":"Torgarant Volynec verl\u00e4ngert \u2013 OsWeNo-Pokal-Termine stehen"},"content":{"rendered":"<h3 data-pm-slice=\"1 1 []\">Pr\u00e4sentiert von easySlides \u2013 Partner seit 2020<\/h3>\n<p><em>Unser Dank geht an easySlides. Unser Partner steht f\u00fcr smarte L\u00f6sungen f\u00fcr PowerPoint, Excel und Word.<\/em><\/p>\n<hr \/>\n<h3>Vertragsverl\u00e4ngerung Daniel Volynec<\/h3>\n<p>Der gef\u00e4hrlichste Torj\u00e4ger der letzten Jahre bleibt eine weitere Saison im rot\u2011schwarzen Dress: <a href=\"https:\/\/www.fass-berlin.de\/startseite\/player\/daniel-volynec\/\">Daniel\u00a0Volynec<\/a> hat seinen Vertrag bis zum Ende der Spielzeit <strong>2025\/26<\/strong> verl\u00e4ngert. Mit <strong>110 Treffern in den vergangenen vier Spielzeiten<\/strong> f\u00fchrt kein Weg an ihm vorbei, wenn es um brutale Abschlussqualit\u00e4ten und physische Pr\u00e4senz vor dem gegnerischen Tor geht. Der 29\u2011J\u00e4hrige bindet Verteidiger, schafft Raum f\u00fcr seine Reihe \u2013 und verwandelt eiskalt, wenn es z\u00e4hlt. In der abgelaufenen Saison hat er unser Spiel zunehmend auch als Vorlagengeber gepr\u00e4gt, was Volynec noch wertvoller f\u00fcr das Team gemacht hat.<\/p>\n<blockquote><p>\u201eDaniel verk\u00f6rpert alles, was einen modernen Power\u00a0Forward ausmacht: Kraft, Zielstrebigkeit und einen unb\u00e4ndigen Torhunger. Wir sind gl\u00fccklich, dass er auch in der kommenden Saison unseren Angriff anf\u00fchrt.\u201c<br \/>\n\u2013 <strong>Christopher\u00a0Scholz, Cheftrainer<\/strong><\/p><\/blockquote>\n<div>\n<hr \/>\n<\/div>\n<h3>OsWeNo\u2011Pokal: Unsere Gruppenspiele im \u00dcberblick<\/h3>\n<p>Parallel zur Liga steht in diesem Jahr erstmals der <strong>OsWeNo\u2011Pokal<\/strong> auf dem Programm \u2013 das Kr\u00e4ftemessen der Regionalligen Ost, West und Nord. Jetzt sind die Termine fixiert:<\/p>\n<ul data-spread=\"false\">\n<li><strong>21.\u202fSeptember\u202f2025\u00a0\u00b7 17:00\u00a0Uhr<\/strong>\u00a0\u2013 <em>Crocodiles Hamburg\u00a0vs\u00a0FASS Berlin<\/em><\/li>\n<li><strong>1.\u202fNovember\u202f2025\u00a0\u00b7 19:00\u00a0Uhr<\/strong>\u00a0\u2013 <em>FASS Berlin\u00a0vs\u00a0CE\u00a0Timmendorfer Strand<\/em><\/li>\n<li><strong>29.\u202fNovember\u202f2025\u00a0\u00b7 19:00\u00a0Uhr<\/strong>\u00a0\u2013 <em>FASS Berlin\u00a0vs\u00a0Crocodiles Hamburg<\/em><\/li>\n<li><strong>21.\u202fDezember\u202f2025\u00a0\u00b7 17:30\u00a0Uhr<\/strong>\u00a0\u2013 <em>CE\u00a0Timmendorfer Strand\u00a0vs\u00a0FASS Berlin<\/em><\/li>\n<\/ul>\n<p>Die beiden Ausw\u00e4rtsauftritte in Hamburg und Timmendorf umrahmen zwei stimmungsvolle Heimabende in Berlin. Markiert euch die Daten fett im Kalender \u2013 wir z\u00e4hlen auf euren Support!<\/p>\n<div>\n<hr \/>\n<\/div>\n<h2>Ausblick<\/h2>\n<p>Mit der Vertragsverl\u00e4ngerung von Volynec und dem fixierten Pokalfahrplan nimmt die Saison 2025\/26 weiter Gestalt an. In den n\u00e4chsten Tagen folgen zus\u00e4tzliche Kader\u2011Updates, bevor Mitte August die erste Eiszeit unter Cheftrainer <strong>Christopher\u00a0Scholz<\/strong> ansteht.<\/p>\n<p>Bis dahin: genie\u00dft den Sommer \u2013 und haltet die Vorfreude hoch!<\/p>\n","protected":false},"excerpt":{"rendered":"<p>Pr\u00e4sentiert von easySlides \u2013 Partner seit 2020 Unser Dank geht an easySlides. Unser Partner steht f\u00fcr smarte L\u00f6sungen f\u00fcr PowerPoint, Excel und Word. Vertragsverl\u00e4ngerung Daniel Volynec Der gef\u00e4hrlichste Torj\u00e4ger der letzten Jahre bleibt eine weitere Saison im rot\u2011schwarzen Dress: Daniel\u00a0Volynec hat seinen Vertrag bis zum Ende der Spielzeit 2025\/26 verl\u00e4ngert. Mit 110 Treffern in den [&hellip;]<\/p>\n","protected":false},"author":15,"featured_media":23420,"comment_status":"open","ping_status":"open","sticky":false,"template":"","format":"standard","meta":{"_exactmetrics_skip_tracking":false,"_exactmetrics_sitenote_active":false,"_exactmetrics_sitenote_note":"","_exactmetrics_sitenote_category":0,"jetpack_post_was_ever_published":false,"_jetpack_newsletter_access":"","_jetpack_dont_email_post_to_subs":false,"_jetpack_newsletter_tier_id":0,"_jetpack_memberships_contains_paywalled_content":false,"_jetpack_memberships_contains_paid_content":false,"footnotes":"","jetpack_publicize_message":"","jetpack_publicize_feature_enabled":true,"jetpack_social_post_already_shared":true,"jetpack_social_options":{"image_generator_settings":{"template":"highway","default_image_id":0,"font":"","enabled":false},"version":2}},"categories":[50],"tags":[],"class_list":["post-23418","post","type-post","status-publish","format-standard","has-post-thumbnail","hentry","category-regionalliga-ost"],"jetpack_publicize_connections":[],"jetpack_featured_media_url":"https:\/\/www.fass-berlin.de\/wp-content\/uploads\/2025\/06\/1000138672.png","jetpack_sharing_enabled":true,"jetpack_shortlink":"https:\/\/wp.me\/paiOCx-65I","jetpack_likes_enabled":true,"jetpack-related-posts":[],"_links":{"self":[{"href":"https:\/\/www.fass-berlin.de\/startseite\/wp-json\/wp\/v2\/posts\/23418","targetHints":{"allow":["GET"]}}],"collection":[{"href":"https:\/\/www.fass-berlin.de\/startseite\/wp-json\/wp\/v2\/posts"}],"about":[{"href":"https:\/\/www.fass-berlin.de\/startseite\/wp-json\/wp\/v2\/types\/post"}],"author":[{"embeddable":true,"href":"https:\/\/www.fass-berlin.de\/startseite\/wp-json\/wp\/v2\/users\/15"}],"replies":[{"embeddable":true,"href":"https:\/\/www.fass-berlin.de\/startseite\/wp-json\/wp\/v2\/comments?post=23418"}],"version-history":[{"count":3,"href":"https:\/\/www.fass-berlin.de\/startseite\/wp-json\/wp\/v2\/posts\/23418\/revisions"}],"predecessor-version":[{"id":23422,"href":"https:\/\/www.fass-berlin.de\/startseite\/wp-json\/wp\/v2\/posts\/23418\/revisions\/23422"}],"wp:featuredmedia":[{"embeddable":true,"href":"https:\/\/www.fass-berlin.de\/startseite\/wp-json\/wp\/v2\/media\/23420"}],"wp:attachment":[{"href":"https:\/\/www.fass-berlin.de\/startseite\/wp-json\/wp\/v2\/media?parent=23418"}],"wp:term":[{"taxonomy":"category","embeddable":true,"href":"https:\/\/www.fass-berlin.de\/startseite\/wp-json\/wp\/v2\/categories?post=23418"},{"taxonomy":"post_tag","embeddable":true,"href":"https:\/\/www.fass-berlin.de\/startseite\/wp-json\/wp\/v2\/tags?post=23418"}],"curies":[{"name":"wp","href":"https:\/\/api.w.org\/{rel}","templated":true}]}}