{"id":23426,"date":"2025-07-03T19:11:02","date_gmt":"2025-07-03T17:11:02","guid":{"rendered":"https:\/\/www.fass-berlin.de\/startseite\/?p=23426"},"modified":"2025-07-03T19:11:02","modified_gmt":"2025-07-03T17:11:02","slug":"zwei-jahre-fuer-plus-minus%e2%80%91koenig-alessandro-falk","status":"publish","type":"post","link":"https:\/\/www.fass-berlin.de\/startseite\/2025\/07\/03\/zwei-jahre-fuer-plus-minus%e2%80%91koenig-alessandro-falk\/","title":{"rendered":"Zwei Jahre f\u00fcr Plus\/Minus\u2011K\u00f6nig Alessandro Falk"},"content":{"rendered":"<h3 data-pm-slice=\"1 1 []\">Pr\u00e4sentiert vom Holzhof Rheinsberg<\/h3>\n<p><em>Premium\u2011Partner seit 2018 | Gef\u00fchrt von Oliver Miethke, FASS\u2011Sportdirektor 2016\u20112020<\/em><\/p>\n<div>\n<hr \/>\n<\/div>\n<h3>Volltreffer auf Anhieb \u2013 jetzt langfristig gebunden<\/h3>\n<p>Vor zw\u00f6lf Monaten kam <a href=\"https:\/\/www.fass-berlin.de\/startseite\/player\/alessandro-falk\/\">Alessandro Falk<\/a> als U20\u2011Vizemeister der Eisb\u00e4ren Juniors zu uns \u2013 und schlug sofort ein: <strong>alle 34 Partien<\/strong> absolviert, <strong>8 Tore \/ 18 Assists<\/strong> und mit <strong>+44<\/strong> eine sensationelle Plus\/Minus-Bilanz. Kein Wunder, dass wir den 21\u2011j\u00e4hrigen Defender gleich f\u00fcr <strong>zwei weitere Spielzeiten<\/strong> gebunden haben (Vertrag bis 2027).<\/p>\n<ul data-spread=\"false\">\n<li><strong>Zweitbester Defender\u2011Scorer<\/strong> im Team<\/li>\n<li><strong>Beste Plus\/Minus\u2011Bilanz<\/strong> unter allen FASS\u2011Verteidigern<\/li>\n<li><strong>Rang 5<\/strong> teamweit in derselben Kategorie<\/li>\n<\/ul>\n<p>Gleichzeitig hat sich Falk entschieden, seine berufliche Ausbildung in Berlin zu absolvieren \u2013 ein klares Bekenntnis zu Stadt, Verein und Zukunft.<\/p>\n<div>\n<hr \/>\n<\/div>\n<h2>Stolz &amp; Perspektive<\/h2>\n<p>Wir sind stolz, dass Alessandro seinen n\u00e4chsten Schritt beim <strong>Regionalliga\u2011Meister FASS Berlin<\/strong> geht. Danke an unseren <strong>Premium\u2011Partner Holzhof Rheinsberg<\/strong> f\u00fcr die Pr\u00e4sentation dieser Vertragsverl\u00e4ngerung und den kontinuierlichen R\u00fcckhalt. Die Defensive nimmt Form an \u2013 weitere Kadernews folgen!<\/p>\n","protected":false},"excerpt":{"rendered":"<p>Pr\u00e4sentiert vom Holzhof Rheinsberg Premium\u2011Partner seit 2018 | Gef\u00fchrt von Oliver Miethke, FASS\u2011Sportdirektor 2016\u20112020 Volltreffer auf Anhieb \u2013 jetzt langfristig gebunden Vor zw\u00f6lf Monaten kam Alessandro Falk als U20\u2011Vizemeister der Eisb\u00e4ren Juniors zu uns \u2013 und schlug sofort ein: alle 34 Partien absolviert, 8 Tore \/ 18 Assists und mit +44 eine sensationelle Plus\/Minus-Bilanz. Kein [&hellip;]<\/p>\n","protected":false},"author":15,"featured_media":23427,"comment_status":"open","ping_status":"open","sticky":false,"template":"","format":"standard","meta":{"_exactmetrics_skip_tracking":false,"_exactmetrics_sitenote_active":false,"_exactmetrics_sitenote_note":"","_exactmetrics_sitenote_category":0,"jetpack_post_was_ever_published":false,"_jetpack_newsletter_access":"","_jetpack_dont_email_post_to_subs":false,"_jetpack_newsletter_tier_id":0,"_jetpack_memberships_contains_paywalled_content":false,"_jetpack_memberships_contains_paid_content":false,"footnotes":"","jetpack_publicize_message":"","jetpack_publicize_feature_enabled":true,"jetpack_social_post_already_shared":true,"jetpack_social_options":{"image_generator_settings":{"template":"highway","default_image_id":0,"font":"","enabled":false},"version":2}},"categories":[50],"tags":[],"class_list":["post-23426","post","type-post","status-publish","format-standard","has-post-thumbnail","hentry","category-regionalliga-ost"],"jetpack_publicize_connections":[],"jetpack_featured_media_url":"https:\/\/www.fass-berlin.de\/wp-content\/uploads\/2025\/07\/1000141010.png","jetpack_sharing_enabled":true,"jetpack_shortlink":"https:\/\/wp.me\/paiOCx-65Q","jetpack_likes_enabled":true,"jetpack-related-posts":[],"_links":{"self":[{"href":"https:\/\/www.fass-berlin.de\/startseite\/wp-json\/wp\/v2\/posts\/23426","targetHints":{"allow":["GET"]}}],"collection":[{"href":"https:\/\/www.fass-berlin.de\/startseite\/wp-json\/wp\/v2\/posts"}],"about":[{"href":"https:\/\/www.fass-berlin.de\/startseite\/wp-json\/wp\/v2\/types\/post"}],"author":[{"embeddable":true,"href":"https:\/\/www.fass-berlin.de\/startseite\/wp-json\/wp\/v2\/users\/15"}],"replies":[{"embeddable":true,"href":"https:\/\/www.fass-berlin.de\/startseite\/wp-json\/wp\/v2\/comments?post=23426"}],"version-history":[{"count":3,"href":"https:\/\/www.fass-berlin.de\/startseite\/wp-json\/wp\/v2\/posts\/23426\/revisions"}],"predecessor-version":[{"id":23430,"href":"https:\/\/www.fass-berlin.de\/startseite\/wp-json\/wp\/v2\/posts\/23426\/revisions\/23430"}],"wp:featuredmedia":[{"embeddable":true,"href":"https:\/\/www.fass-berlin.de\/startseite\/wp-json\/wp\/v2\/media\/23427"}],"wp:attachment":[{"href":"https:\/\/www.fass-berlin.de\/startseite\/wp-json\/wp\/v2\/media?parent=23426"}],"wp:term":[{"taxonomy":"category","embeddable":true,"href":"https:\/\/www.fass-berlin.de\/startseite\/wp-json\/wp\/v2\/categories?post=23426"},{"taxonomy":"post_tag","embeddable":true,"href":"https:\/\/www.fass-berlin.de\/startseite\/wp-json\/wp\/v2\/tags?post=23426"}],"curies":[{"name":"wp","href":"https:\/\/api.w.org\/{rel}","templated":true}]}}