{"id":23432,"date":"2025-07-04T13:47:29","date_gmt":"2025-07-04T11:47:29","guid":{"rendered":"https:\/\/www.fass-berlin.de\/startseite\/?p=23432"},"modified":"2025-07-04T13:47:29","modified_gmt":"2025-07-04T11:47:29","slug":"dauerbrenner-luis-noack-bleibt-fass-treu-testspiel-terminiert","status":"publish","type":"post","link":"https:\/\/www.fass-berlin.de\/startseite\/2025\/07\/04\/dauerbrenner-luis-noack-bleibt-fass-treu-testspiel-terminiert\/","title":{"rendered":"Dauerbrenner Luis Noack bleibt FASS treu &#8211; Testspiel terminiert"},"content":{"rendered":"<h3 data-pm-slice=\"1 1 []\">165 Spiele Herzblut<\/h3>\n<p><a href=\"https:\/\/www.fass-berlin.de\/startseite\/player\/luis-noack\/\">Luis Noack<\/a> (28) kam nach dem Oberliga-Abstieg 2017 zu uns in die Regionalliga \u2013 seither ist er aus der Kabine nicht wegzudenken. In <strong>165 Partien<\/strong> sammelte der Linkssch\u00fctze <strong>215 Scorerpunkte<\/strong> (86\u202fTore \/\u202f129\u202fAssists) und entwickelte sich zum verl\u00e4sslichen Offensivmotor.<\/p>\n<p>Einziger \u201eAusrei\u00dfer\u201c: In der Corona-Saison 2020\/21 schnupperte Luis f\u00fcr wenige Wochen Oberligaluft bei den Hammer Eisb\u00e4ren, ehe er nach Berlin zur\u00fcckkehrte. Vergangene Spielzeit bremsten ihn gesundheitliche R\u00fcckschl\u00e4ge; mit <strong>sieben Treffern<\/strong> blieb er unter seiner Norm \u2013 umso gr\u00f6\u00dfer ist sein Hunger, wieder voll anzugreifen.<\/p>\n<blockquote><p>\u201eLuis steht sinnbildlich f\u00fcr die Loyalit\u00e4t, mit der viele unserer Jungs den FASS-Weg begleiten. Er arbeitet hart, zeigt unb\u00e4ndigen Willen und kreative Aktionen, geht auch dorthin wo es weh tut &#8211; und wir sind sicher, dass seine Punktausbeute bald wieder steigt.\u201c<br \/>\n\u2013 <strong>Peter Wagenfeldt, Sportlicher Leiter<\/strong><\/p><\/blockquote>\n<div>\n<hr \/>\n<\/div>\n<h3>Ein kleiner Ausblick \u2026<\/h3>\n<p>\u00dcbrigens: Luis freut sich auf weitere gute Gesellschaft in der Kabine. Mehr wird heute noch nicht verraten.<\/p>\n<div>\n<hr \/>\n<\/div>\n<h3>Vorbereitungsspiel in Amberg<\/h3>\n<p>Am Sonntag, 14. September 2025, 17:00 Uhr, testen wir ausw\u00e4rts beim Bayernligisten <strong>ERSC Amberg<\/strong>. Das R\u00fcckspiel in Berlin ist mit den Wild Lions bereits f\u00fcr die Vorbereitung auf die Saison 2026\/27 fest vereinbart. Merkt euch das Datum fett im Kalender!<\/p>\n<div>\n<hr \/>\n<\/div>\n<p>Mit <strong>RamConsult<\/strong> an unserer Seite und Luis Noack im Line\u2011up ist die Offensivbasis weiter gefestigt. Weitere Kadernews folgen in K\u00fcrze.<\/p>\n","protected":false},"excerpt":{"rendered":"<p>165 Spiele Herzblut Luis Noack (28) kam nach dem Oberliga-Abstieg 2017 zu uns in die Regionalliga \u2013 seither ist er aus der Kabine nicht wegzudenken. In 165 Partien sammelte der Linkssch\u00fctze 215 Scorerpunkte (86\u202fTore \/\u202f129\u202fAssists) und entwickelte sich zum verl\u00e4sslichen Offensivmotor. Einziger \u201eAusrei\u00dfer\u201c: In der Corona-Saison 2020\/21 schnupperte Luis f\u00fcr wenige Wochen Oberligaluft bei den [&hellip;]<\/p>\n","protected":false},"author":15,"featured_media":23433,"comment_status":"open","ping_status":"open","sticky":false,"template":"","format":"standard","meta":{"_exactmetrics_skip_tracking":false,"_exactmetrics_sitenote_active":false,"_exactmetrics_sitenote_note":"","_exactmetrics_sitenote_category":0,"jetpack_post_was_ever_published":false,"_jetpack_newsletter_access":"","_jetpack_dont_email_post_to_subs":false,"_jetpack_newsletter_tier_id":0,"_jetpack_memberships_contains_paywalled_content":false,"_jetpack_memberships_contains_paid_content":false,"footnotes":"","jetpack_publicize_message":"","jetpack_publicize_feature_enabled":true,"jetpack_social_post_already_shared":true,"jetpack_social_options":{"image_generator_settings":{"template":"highway","default_image_id":0,"font":"","enabled":false},"version":2}},"categories":[50],"tags":[],"class_list":["post-23432","post","type-post","status-publish","format-standard","has-post-thumbnail","hentry","category-regionalliga-ost"],"jetpack_publicize_connections":[],"jetpack_featured_media_url":"https:\/\/www.fass-berlin.de\/wp-content\/uploads\/2025\/07\/1000141433.png","jetpack_sharing_enabled":true,"jetpack_shortlink":"https:\/\/wp.me\/paiOCx-65W","jetpack_likes_enabled":true,"jetpack-related-posts":[],"_links":{"self":[{"href":"https:\/\/www.fass-berlin.de\/startseite\/wp-json\/wp\/v2\/posts\/23432","targetHints":{"allow":["GET"]}}],"collection":[{"href":"https:\/\/www.fass-berlin.de\/startseite\/wp-json\/wp\/v2\/posts"}],"about":[{"href":"https:\/\/www.fass-berlin.de\/startseite\/wp-json\/wp\/v2\/types\/post"}],"author":[{"embeddable":true,"href":"https:\/\/www.fass-berlin.de\/startseite\/wp-json\/wp\/v2\/users\/15"}],"replies":[{"embeddable":true,"href":"https:\/\/www.fass-berlin.de\/startseite\/wp-json\/wp\/v2\/comments?post=23432"}],"version-history":[{"count":3,"href":"https:\/\/www.fass-berlin.de\/startseite\/wp-json\/wp\/v2\/posts\/23432\/revisions"}],"predecessor-version":[{"id":23436,"href":"https:\/\/www.fass-berlin.de\/startseite\/wp-json\/wp\/v2\/posts\/23432\/revisions\/23436"}],"wp:featuredmedia":[{"embeddable":true,"href":"https:\/\/www.fass-berlin.de\/startseite\/wp-json\/wp\/v2\/media\/23433"}],"wp:attachment":[{"href":"https:\/\/www.fass-berlin.de\/startseite\/wp-json\/wp\/v2\/media?parent=23432"}],"wp:term":[{"taxonomy":"category","embeddable":true,"href":"https:\/\/www.fass-berlin.de\/startseite\/wp-json\/wp\/v2\/categories?post=23432"},{"taxonomy":"post_tag","embeddable":true,"href":"https:\/\/www.fass-berlin.de\/startseite\/wp-json\/wp\/v2\/tags?post=23432"}],"curies":[{"name":"wp","href":"https:\/\/api.w.org\/{rel}","templated":true}]}}