{"id":23438,"date":"2025-07-13T21:32:43","date_gmt":"2025-07-13T19:32:43","guid":{"rendered":"https:\/\/www.fass-berlin.de\/startseite\/?p=23438"},"modified":"2025-07-13T21:32:43","modified_gmt":"2025-07-13T19:32:43","slug":"finalheld-roberts-licitis-bindet-sich-fuer-zwei-jahre","status":"publish","type":"post","link":"https:\/\/www.fass-berlin.de\/startseite\/2025\/07\/13\/finalheld-roberts-licitis-bindet-sich-fuer-zwei-jahre\/","title":{"rendered":"Finalheld Roberts Licitis bindet sich f\u00fcr zwei Jahre"},"content":{"rendered":"<h3 data-pm-slice=\"1 1 []\">Pr\u00e4sentiert von \u00d6KO\u2011HUS \u2013 Planungs\u2011 und Entwicklungsgesellschaft mbH<\/h3>\n<p><em>Partner von FASS Berlin seit 2024<\/em><\/p>\n<div>\n<hr \/>\n<\/div>\n<h3>Titel-Moment, der bleibt<\/h3>\n<p>Als wir zuletzt Luis Noack vorgestellt haben, kamen Erinnerungen an den Meisterabend Anfang April hoch: Hinter dem gegnerischen Kasten l\u00e4sst Luis seinen Gegenspieler mit einer frechen K\u00f6rpert\u00e4uschung stehen, legt scharf nach vorn \u2013 und <a href=\"https:\/\/www.fass-berlin.de\/startseite\/player\/roberts-licitis\/\">Roberts\u202fLicitis<\/a> rauscht heran, drischt die Scheibe zum <strong>2\u202f:\u202f1<\/strong> in den Kasten. Zwar glich der Gegner noch aus, doch im Shoot\u2011out machte Kapit\u00e4n Tom\u202fFiedler alles klar. Dieser Treffer bleibt auch deshalb besonders, weil er im <strong>100. Einsatz\u00a0<\/strong>von Licitis im FASS\u2011Trikot fiel.<\/p>\n<div>\n<hr \/>\n<\/div>\n<h3>Zwei weitere Jahre Offensivpower<\/h3>\n<p>Der 29\u2011j\u00e4hrige Lette kehrte 2023 zu FASS zur\u00fcck und hat seither in <strong>59 Spielen 22 Tore<\/strong> erzielt. Einst als Allrounder auch in der Defensive eingesetzt, hat er vergangene Saison seinen festen Platz im Angriff gefunden \u2013 explosiver Antritt, starker Schuss, bissig in Fore\u2011 und Backcheck.<\/p>\n<p>Mit dem neuen Vertrag bis <strong>2027<\/strong> bleibt Roberts ein Gesicht unseres Offensivkerns. Wir gratulieren ihm nicht nur zur Verl\u00e4ngerung, sondern auch zur k\u00fcrzlichen Hochzeit \u2013 m\u00f6gen Gl\u00fcck und Erfolg Hand in Hand gehen.<\/p>\n<div>\n<hr \/>\n<\/div>\n<h2>Blick nach vorn<\/h2>\n<p>Mit \u00d6KO\u2011HUS an unserer Seite und Roberts auf dem Eis w\u00e4chst die Vorfreude auf 2025\/26 weiter. Bleibt dran: Schon bald enth\u00fcllen wir den n\u00e4chsten Baustein unseres Kaders.<\/p>\n","protected":false},"excerpt":{"rendered":"<p>Pr\u00e4sentiert von \u00d6KO\u2011HUS \u2013 Planungs\u2011 und Entwicklungsgesellschaft mbH Partner von FASS Berlin seit 2024 Titel-Moment, der bleibt Als wir zuletzt Luis Noack vorgestellt haben, kamen Erinnerungen an den Meisterabend Anfang April hoch: Hinter dem gegnerischen Kasten l\u00e4sst Luis seinen Gegenspieler mit einer frechen K\u00f6rpert\u00e4uschung stehen, legt scharf nach vorn \u2013 und Roberts\u202fLicitis rauscht heran, drischt [&hellip;]<\/p>\n","protected":false},"author":15,"featured_media":23439,"comment_status":"open","ping_status":"open","sticky":false,"template":"","format":"standard","meta":{"_exactmetrics_skip_tracking":false,"_exactmetrics_sitenote_active":false,"_exactmetrics_sitenote_note":"","_exactmetrics_sitenote_category":0,"jetpack_post_was_ever_published":false,"_jetpack_newsletter_access":"","_jetpack_dont_email_post_to_subs":false,"_jetpack_newsletter_tier_id":0,"_jetpack_memberships_contains_paywalled_content":false,"_jetpack_memberships_contains_paid_content":false,"footnotes":"","jetpack_publicize_message":"","jetpack_publicize_feature_enabled":true,"jetpack_social_post_already_shared":true,"jetpack_social_options":{"image_generator_settings":{"template":"highway","default_image_id":0,"font":"","enabled":false},"version":2}},"categories":[50],"tags":[],"class_list":["post-23438","post","type-post","status-publish","format-standard","has-post-thumbnail","hentry","category-regionalliga-ost"],"jetpack_publicize_connections":[],"jetpack_featured_media_url":"https:\/\/www.fass-berlin.de\/wp-content\/uploads\/2025\/07\/1000144303.png","jetpack_sharing_enabled":true,"jetpack_shortlink":"https:\/\/wp.me\/paiOCx-662","jetpack_likes_enabled":true,"jetpack-related-posts":[],"_links":{"self":[{"href":"https:\/\/www.fass-berlin.de\/startseite\/wp-json\/wp\/v2\/posts\/23438","targetHints":{"allow":["GET"]}}],"collection":[{"href":"https:\/\/www.fass-berlin.de\/startseite\/wp-json\/wp\/v2\/posts"}],"about":[{"href":"https:\/\/www.fass-berlin.de\/startseite\/wp-json\/wp\/v2\/types\/post"}],"author":[{"embeddable":true,"href":"https:\/\/www.fass-berlin.de\/startseite\/wp-json\/wp\/v2\/users\/15"}],"replies":[{"embeddable":true,"href":"https:\/\/www.fass-berlin.de\/startseite\/wp-json\/wp\/v2\/comments?post=23438"}],"version-history":[{"count":3,"href":"https:\/\/www.fass-berlin.de\/startseite\/wp-json\/wp\/v2\/posts\/23438\/revisions"}],"predecessor-version":[{"id":23442,"href":"https:\/\/www.fass-berlin.de\/startseite\/wp-json\/wp\/v2\/posts\/23438\/revisions\/23442"}],"wp:featuredmedia":[{"embeddable":true,"href":"https:\/\/www.fass-berlin.de\/startseite\/wp-json\/wp\/v2\/media\/23439"}],"wp:attachment":[{"href":"https:\/\/www.fass-berlin.de\/startseite\/wp-json\/wp\/v2\/media?parent=23438"}],"wp:term":[{"taxonomy":"category","embeddable":true,"href":"https:\/\/www.fass-berlin.de\/startseite\/wp-json\/wp\/v2\/categories?post=23438"},{"taxonomy":"post_tag","embeddable":true,"href":"https:\/\/www.fass-berlin.de\/startseite\/wp-json\/wp\/v2\/tags?post=23438"}],"curies":[{"name":"wp","href":"https:\/\/api.w.org\/{rel}","templated":true}]}}