{"id":23444,"date":"2025-07-15T19:49:32","date_gmt":"2025-07-15T17:49:32","guid":{"rendered":"https:\/\/www.fass-berlin.de\/startseite\/?p=23444"},"modified":"2025-07-15T19:49:32","modified_gmt":"2025-07-15T17:49:32","slug":"danke-patrick-tim-alles-gute-auf-eurem-weg","status":"publish","type":"post","link":"https:\/\/www.fass-berlin.de\/startseite\/2025\/07\/15\/danke-patrick-tim-alles-gute-auf-eurem-weg\/","title":{"rendered":"Danke, Patrick &#038; Tim \u2013 alles Gute auf eurem Weg"},"content":{"rendered":"<h3 data-pm-slice=\"1 1 []\">Zwei Verteidiger verabschieden sich<\/h3>\n<p>Mit dem Ende der Saison 2024\/25 hei\u00dft es Abschied nehmen von <strong>Patrick Prei\u00df<\/strong> (35) und <strong>Tim Lendzian<\/strong> (20). Beide Verteidiger werden k\u00fcnftig nicht mehr zum Kader von FASS Berlin geh\u00f6ren. Wir danken beiden f\u00fcr ihren Einsatz im rot-schwarzen Trikot und w\u00fcnschen f\u00fcr die Zukunft alles Gute!<\/p>\n<div>\n<hr \/>\n<\/div>\n<h3>Patrick Prei\u00df \u2013 Zwei Meistertitel, drei Jahre Verl\u00e4sslichkeit<\/h3>\n<p>Seit 2022 war <a href=\"https:\/\/www.fass-berlin.de\/startseite\/player\/patrick-preiss\/\">Patrick Prei\u00df<\/a> Teil unserer Organisation \u2013 ein ruhiger, flei\u00dfiger Spieler, der stets Verantwortung \u00fcbernahm und auf wie neben dem Eis pr\u00e4sent war. Mit <strong>74 Eins\u00e4tzen<\/strong>, <strong>2 Toren<\/strong> und <strong>21 Assists<\/strong> trug er zu zwei Meisterschaften in Folge bei und hat seine Spuren in unserer Defensive hinterlassen. Berufliche und pers\u00f6nliche Verpflichtungen lassen das erforderliche Commitment nicht mehr zu \u2013 wir sagen: Danke, Patrick!<\/p>\n<div>\n<hr \/>\n<\/div>\n<h3>Tim Lendzian \u2013 Ein Jahr Engagement und Teamgeist<\/h3>\n<p>Der junge Verteidiger kam vor der Saison vom <strong>ES Wei\u00dfwasser<\/strong> zu FASS und absolvierte <strong>30 Partien<\/strong> (3 Assists). In der Kabine hoch gesch\u00e4tzt und immer mit vollem Einsatz bei der Sache, war <a href=\"https:\/\/www.fass-berlin.de\/startseite\/player\/tim-lendzian\/\">Tim Lendzian<\/a> ein verl\u00e4sslicher Bestandteil des Teams. Er verl\u00e4sst uns nach einer Saison \u2013 mit vielen Erfahrungen und offenem Blick nach vorn.<\/p>\n<div>\n<hr \/>\n<\/div>\n<h3>Spuren hinterlassen \u2013 T\u00fcren bleiben offen<\/h3>\n<p>Ob drei Jahre oder eine Saison: Ihr seid Teil unserer Geschichte. Unsere T\u00fcren im Erika-He\u00df-Eisstadion stehen f\u00fcr euch immer offen \u2013 auf baldiges Wiedersehen!<\/p>\n","protected":false},"excerpt":{"rendered":"<p>Zwei Verteidiger verabschieden sich Mit dem Ende der Saison 2024\/25 hei\u00dft es Abschied nehmen von Patrick Prei\u00df (35) und Tim Lendzian (20). Beide Verteidiger werden k\u00fcnftig nicht mehr zum Kader von FASS Berlin geh\u00f6ren. Wir danken beiden f\u00fcr ihren Einsatz im rot-schwarzen Trikot und w\u00fcnschen f\u00fcr die Zukunft alles Gute! Patrick Prei\u00df \u2013 Zwei Meistertitel, [&hellip;]<\/p>\n","protected":false},"author":15,"featured_media":23445,"comment_status":"open","ping_status":"open","sticky":false,"template":"","format":"standard","meta":{"_exactmetrics_skip_tracking":false,"_exactmetrics_sitenote_active":false,"_exactmetrics_sitenote_note":"","_exactmetrics_sitenote_category":0,"jetpack_post_was_ever_published":false,"_jetpack_newsletter_access":"","_jetpack_dont_email_post_to_subs":false,"_jetpack_newsletter_tier_id":0,"_jetpack_memberships_contains_paywalled_content":false,"_jetpack_memberships_contains_paid_content":false,"footnotes":"","jetpack_publicize_message":"","jetpack_publicize_feature_enabled":true,"jetpack_social_post_already_shared":true,"jetpack_social_options":{"image_generator_settings":{"template":"highway","default_image_id":0,"font":"","enabled":false},"version":2}},"categories":[50],"tags":[],"class_list":["post-23444","post","type-post","status-publish","format-standard","has-post-thumbnail","hentry","category-regionalliga-ost"],"jetpack_publicize_connections":[],"jetpack_featured_media_url":"https:\/\/www.fass-berlin.de\/wp-content\/uploads\/2025\/07\/1000143138.png","jetpack_sharing_enabled":true,"jetpack_shortlink":"https:\/\/wp.me\/paiOCx-668","jetpack_likes_enabled":true,"jetpack-related-posts":[],"_links":{"self":[{"href":"https:\/\/www.fass-berlin.de\/startseite\/wp-json\/wp\/v2\/posts\/23444","targetHints":{"allow":["GET"]}}],"collection":[{"href":"https:\/\/www.fass-berlin.de\/startseite\/wp-json\/wp\/v2\/posts"}],"about":[{"href":"https:\/\/www.fass-berlin.de\/startseite\/wp-json\/wp\/v2\/types\/post"}],"author":[{"embeddable":true,"href":"https:\/\/www.fass-berlin.de\/startseite\/wp-json\/wp\/v2\/users\/15"}],"replies":[{"embeddable":true,"href":"https:\/\/www.fass-berlin.de\/startseite\/wp-json\/wp\/v2\/comments?post=23444"}],"version-history":[{"count":3,"href":"https:\/\/www.fass-berlin.de\/startseite\/wp-json\/wp\/v2\/posts\/23444\/revisions"}],"predecessor-version":[{"id":23448,"href":"https:\/\/www.fass-berlin.de\/startseite\/wp-json\/wp\/v2\/posts\/23444\/revisions\/23448"}],"wp:featuredmedia":[{"embeddable":true,"href":"https:\/\/www.fass-berlin.de\/startseite\/wp-json\/wp\/v2\/media\/23445"}],"wp:attachment":[{"href":"https:\/\/www.fass-berlin.de\/startseite\/wp-json\/wp\/v2\/media?parent=23444"}],"wp:term":[{"taxonomy":"category","embeddable":true,"href":"https:\/\/www.fass-berlin.de\/startseite\/wp-json\/wp\/v2\/categories?post=23444"},{"taxonomy":"post_tag","embeddable":true,"href":"https:\/\/www.fass-berlin.de\/startseite\/wp-json\/wp\/v2\/tags?post=23444"}],"curies":[{"name":"wp","href":"https:\/\/api.w.org\/{rel}","templated":true}]}}